{"id":358375,"date":"2026-04-27T09:56:54","date_gmt":"2026-04-27T08:56:54","guid":{"rendered":"https:\/\/droix.net\/blogs\/gpd-g2-a-gpd-box-spojuji-vykon-egpu-mcio-s-prvnim-mini-pocitacem-gpd\/"},"modified":"2026-04-27T11:05:29","modified_gmt":"2026-04-27T10:05:29","slug":"gpd-g2-a-gpd-box-spojuji-vykon-egpu-mcio-s-prvnim-mini-pocitacem-gpd","status":"publish","type":"post","link":"https:\/\/droix.net\/blogs\/cs\/gpd-g2-a-gpd-box-spojuji-vykon-egpu-mcio-s-prvnim-mini-pocitacem-gpd\/","title":{"rendered":"GPD G2 a GPD BOX spojuj\u00ed v\u00fdkon eGPU MCIO s prvn\u00edm mini po\u010d\u00edta\u010dem GPD"},"content":{"rendered":"\n<p><strong>Co jsou GPD G2 a GPD BOX?<\/strong> Spole\u010dnost GPD ozn\u00e1mila GPD G2, dokovac\u00ed stanici pro <a href=\"https:\/\/droix.eu\/cs\/product-category\/egpu\/\" target=\"_blank\" rel=\"noopener\" title=\"eGPU\">eGPU<\/a> s rozhran\u00edm MCIO a USB4 v2.0, a GPD BOX, kter\u00fd ozna\u010duje za sv\u016fj prvn\u00ed <a href=\"https:\/\/droix.eu\/cs\/product-category\/mini-pcs\/\" target=\"_blank\" rel=\"noopener\" title=\"mini PC\">mini po\u010d\u00edta\u010d<\/a>. Tato dvojice kombinuje extern\u00ed grafick\u00e9 roz\u0161\u00ed\u0159en\u00ed s vysokou \u0161\u00ed\u0159kou p\u00e1sma s kompaktn\u00edm designem stoln\u00edho po\u010d\u00edta\u010de zalo\u017een\u00e9ho na platform\u011b Intel Panther Lake. <\/p>\n\n<p>Nejnov\u011bj\u0161\u00ed ozn\u00e1men\u00ed spole\u010dnosti GPD poukazuje na novou strategii pro stoln\u00ed po\u010d\u00edta\u010de, kter\u00e1 se skl\u00e1d\u00e1 ze dvou \u010d\u00e1st\u00ed. Spole\u010dnost odhalila GPD G2, kter\u00fd popisuje jako prvn\u00ed dokovac\u00ed stanici s dvouportov\u00fdm eGPU MCIO na sv\u011bt\u011b, spolu s GPD BOX, mini po\u010d\u00edta\u010dem zalo\u017een\u00fdm na platform\u011b Panther Lake, kter\u00fd je podle v\u0161eho ur\u010den k p\u0159\u00edm\u00e9 spolupr\u00e1ci s n\u00edm. <\/p>\n\n<p>To je d\u016fle\u017eit\u00e9, proto\u017ee <a href=\"https:\/\/droix.eu\/cs\/product-attribute\/brands\/gpd\/\" target=\"_blank\" rel=\"noopener\" title=\"GPD\">spole\u010dnost GPD<\/a> neuv\u00e1d\u00ed na trh jen dal\u0161\u00ed mal\u00fd po\u010d\u00edta\u010d nebo dal\u0161\u00ed dokovac\u00ed stanici izolovan\u011b. P\u0159edkl\u00e1d\u00e1 slad\u011bnou sestavu, kdy lze kompaktn\u00ed stoln\u00ed po\u010d\u00edta\u010d p\u0159ipojit ke grafick\u00e9mu doku s vy\u0161\u0161\u00ed propustnost\u00ed a chovat se mnohem v\u00edce jako seri\u00f3zn\u00ed hern\u00ed nebo tv\u016fr\u010d\u00ed stroj. Pro \u010dten\u00e1\u0159e, kte\u0159\u00ed sleduj\u00ed \u0161ir\u0161\u00ed posun sm\u011brem k men\u0161\u00edm a modul\u00e1rn\u011bj\u0161\u00edm syst\u00e9m\u016fm, by se toto mohlo st\u00e1t jedn\u00edm z dosud nejzaj\u00edmav\u011bj\u0161\u00edch propojen\u00ed mezi sv\u011btem mini PC a \u0161ir\u0161\u00ed kategori\u00ed v\u00fdkonn\u00fdch kompaktn\u00edch po\u010d\u00edta\u010d\u016f.  <\/p>\n\n<p>Na ozn\u00e1men\u00ed je je\u0161t\u011b brzy. Spole\u010dnost GPD se pod\u011blila o z\u00e1kladn\u00ed hardwarov\u00e9 vybaven\u00ed a n\u011bkolik v\u00fdznamn\u00fdch tvrzen\u00ed, ale ceny, na\u010dasov\u00e1n\u00ed uveden\u00ed na trh, kompletn\u00ed konfigurace a podm\u00ednky testov\u00e1n\u00ed, kter\u00e9 stoj\u00ed za n\u011bkter\u00fdmi z nejv\u011bt\u0161\u00edch v\u00fdkonnostn\u00edch prohl\u00e1\u0161en\u00ed, zat\u00edm nebyly v dostupn\u00fdch materi\u00e1lech potvrzeny. <\/p>\n\n<figure class=\"wp-block-table\"><table class=\"has-fixed-layout\"><thead><tr><th>Produkt<\/th><th>Co GPD potvrdila<\/th><th>Pro\u010d je to d\u016fle\u017eit\u00e9<\/th><\/tr><\/thead><tbody><tr><td>GPD G2<\/td><td>Dvouportov\u00e1 dokovac\u00ed stanice eGPU MCIO, USB4 v2.0, integrovan\u00e9 \u00falo\u017ei\u0161t\u011b M.2, 100W rychl\u00e9 nab\u00edjen\u00ed PD, \u00fadajn\u00e1 2% ztr\u00e1ta v\u00fdkonu RTX 4090<\/td><td>Navrhuje dokovac\u00ed stanici postavenou na \u0161\u00ed\u0159ce p\u00e1sma a pohodl\u00ed stoln\u00edho po\u010d\u00edta\u010de, nejen na z\u00e1kladn\u00edm p\u0159\u00edstupu k extern\u00edmu GPU.<\/td><\/tr><tr><td>GPD BOX<\/td><td>Prvn\u00ed mini PC GPD, Intel Panther Lake, MCIO 8i, PCIe 5.0 x8, obousm\u011brn\u00e1 \u0161\u00ed\u0159ka p\u00e1sma a\u017e 512 Gb\/s<\/td><td>Pozice spole\u010dnosti GPD pro p\u0159echod do kategorie skute\u010dn\u011b kompaktn\u00edch stoln\u00edch po\u010d\u00edta\u010d\u016f<\/td><\/tr><\/tbody><\/table><\/figure>\n\n<h2 class=\"wp-block-heading\">GPD G2 stav\u00ed MCIO a USB4 v2.0 do centra d\u011bn\u00ed<\/h2>\n\n<p>GPD G2 se p\u0159edstavuje jako prvn\u00ed dokovac\u00ed stanice MCIO se dv\u011bma porty eGPU na sv\u011bt\u011b. Na pap\u00ed\u0159e se t\u00edm velmi li\u0161\u00ed od typi\u010dt\u011bj\u0161\u00edho p\u0159\u00edslu\u0161enstv\u00ed pro extern\u00ed GPU, proto\u017ee GPD jasn\u011b stav\u00ed MCIO do pozice kl\u00ed\u010dov\u00e9 v\u00fdkonnostn\u00ed hry a nepova\u017euje ji za v\u00fdklenek nav\u00edc. <\/p>\n<div class=\"wp-block-image\">\n<figure class=\"aligncenter size-medium\"><a href=\"https:\/\/droix.net\/blogs\/wp-content\/uploads\/2026\/04\/GPD-G2-announcement.jpg\"><img decoding=\"async\" width=\"169\" height=\"300\" src=\"https:\/\/droix.net\/blogs\/wp-content\/uploads\/2026\/04\/GPD-G2-announcement-169x300.jpg\" alt=\"Ozn&#xE1;men&#xED; GPD G2\" class=\"wp-image-358327\" srcset=\"https:\/\/droix.net\/blogs\/wp-content\/uploads\/2026\/04\/GPD-G2-announcement-169x300.jpg 169w, https:\/\/droix.net\/blogs\/wp-content\/uploads\/2026\/04\/GPD-G2-announcement-576x1024.jpg 576w, https:\/\/droix.net\/blogs\/wp-content\/uploads\/2026\/04\/GPD-G2-announcement-768x1365.jpg 768w, https:\/\/droix.net\/blogs\/wp-content\/uploads\/2026\/04\/GPD-G2-announcement-864x1536.jpg 864w, https:\/\/droix.net\/blogs\/wp-content\/uploads\/2026\/04\/GPD-G2-announcement-450x800.jpg 450w, https:\/\/droix.net\/blogs\/wp-content\/uploads\/2026\/04\/GPD-G2-announcement-780x1387.jpg 780w, https:\/\/droix.net\/blogs\/wp-content\/uploads\/2026\/04\/GPD-G2-announcement.jpg 1080w\" sizes=\"(max-width: 169px) 100vw, 169px\" \/><\/a><figcaption class=\"wp-element-caption\">Ozn\u00e1men\u00ed GPD G2<\/figcaption><\/figure>\n<\/div>\n<p>Spole\u010dnost GPD tak\u00e9 uv\u00e1d\u00ed, \u017ee dokovac\u00ed stanice podporuje rozhran\u00ed USB4 v2.0, integrovan\u00e9 \u00falo\u017ei\u0161t\u011b M.2 a 100W rychl\u00e9 nab\u00edjen\u00ed PD. Tato kombinace nazna\u010duje, \u017ee G2 m\u00e1 d\u011blat v\u00edc ne\u017e jen p\u0159id\u00e1vat grafick\u00fd v\u00fdkon. Zd\u00e1 se, \u017ee je navr\u017een tak, aby fungoval jako \u0161ir\u0161\u00ed stoln\u00ed dokovac\u00ed rozbo\u010dova\u010d, kter\u00fd u\u017eivatel\u016fm poskytne roz\u0161\u00ed\u0159en\u00ed grafick\u00e9 karty, dal\u0161\u00ed \u00falo\u017en\u00fd potenci\u00e1l a podporu nab\u00edjen\u00ed jedn\u00edm kabelem v jedn\u00e9 jednotce.  <\/p>\n\n<p>Nejodv\u00e1\u017en\u011bj\u0161\u00edm tvrzen\u00edm v ozn\u00e1men\u00ed je v\u00fdkon. GPD tvrd\u00ed, \u017ee RTX 4090 by na GPD G2 b\u011b\u017eela se ztr\u00e1tou v\u00fdkonu pouh\u00e1 2 %, co\u017e je \u00fadaj, kter\u00fd je na prvn\u00ed pohled zaj\u00edmav\u00fd, pokud obstoj\u00ed v re\u00e1ln\u00fdch testech. Prozat\u00edm je t\u0159eba toto \u010d\u00edslo pova\u017eovat za tvrzen\u00ed dodavatele, proto\u017ee aktu\u00e1ln\u00ed materi\u00e1ly k ozn\u00e1men\u00ed neobsahuj\u00ed testovac\u00ed sestavu, c\u00edlov\u00e9 rozli\u0161en\u00ed, seznam pracovn\u00edch z\u00e1t\u011b\u017e\u00ed ani metodiku benchmark\u016f, kter\u00e1 za n\u00edm stoj\u00ed.  <\/p>\n<div class=\"wp-block-image\">\n<figure class=\"aligncenter size-large\"><a href=\"https:\/\/droix.net\/blogs\/wp-content\/uploads\/2026\/04\/GPD-G2-eGPU-docking-station.jpg\"><img decoding=\"async\" width=\"1024\" height=\"576\" src=\"https:\/\/droix.net\/blogs\/wp-content\/uploads\/2026\/04\/GPD-G2-eGPU-docking-station-1024x576.jpg\" alt=\"Dokovac&#xED; stanice GPD G2 eGPU\" class=\"wp-image-358334\" srcset=\"https:\/\/droix.net\/blogs\/wp-content\/uploads\/2026\/04\/GPD-G2-eGPU-docking-station-1024x576.jpg 1024w, https:\/\/droix.net\/blogs\/wp-content\/uploads\/2026\/04\/GPD-G2-eGPU-docking-station-300x169.jpg 300w, https:\/\/droix.net\/blogs\/wp-content\/uploads\/2026\/04\/GPD-G2-eGPU-docking-station-768x432.jpg 768w, https:\/\/droix.net\/blogs\/wp-content\/uploads\/2026\/04\/GPD-G2-eGPU-docking-station-1536x864.jpg 1536w, https:\/\/droix.net\/blogs\/wp-content\/uploads\/2026\/04\/GPD-G2-eGPU-docking-station-450x253.jpg 450w, https:\/\/droix.net\/blogs\/wp-content\/uploads\/2026\/04\/GPD-G2-eGPU-docking-station-780x439.jpg 780w, https:\/\/droix.net\/blogs\/wp-content\/uploads\/2026\/04\/GPD-G2-eGPU-docking-station-1600x900.jpg 1600w, https:\/\/droix.net\/blogs\/wp-content\/uploads\/2026\/04\/GPD-G2-eGPU-docking-station.jpg 1920w\" sizes=\"(max-width: 1024px) 100vw, 1024px\" \/><\/a><figcaption class=\"wp-element-caption\">Dokovac\u00ed stanice GPD G2 eGPU<\/figcaption><\/figure>\n<\/div>\n<p>I s touto v\u00fdhradou je sm\u011br jasn\u00fd. GPD chce, aby byl model G2 vn\u00edm\u00e1n jako krok vp\u0159ed s vy\u0161\u0161\u00ed \u0161\u00ed\u0159kou p\u00e1sma pro u\u017eivatele, kte\u0159\u00ed se sna\u017e\u00ed z\u00edskat z mal\u00fdch syst\u00e9m\u016f v\u00fdkonn\u011bj\u0161\u00ed eGPU, a\u0165 u\u017e jde o kompaktn\u00ed pracovn\u00ed stanici, budouc\u00ed n\u00e1hradu stoln\u00edho po\u010d\u00edta\u010de nebo jin\u00e9 za\u0159\u00edzen\u00ed v r\u00e1mci \u0161ir\u0161\u00edho <a href=\"https:\/\/droix.eu\/cs\/product-attribute\/brands\/gpd\/\">ekosyst\u00e9mu GPD<\/a>. <\/p>\n\n<figure class=\"wp-block-table\"><table class=\"has-fixed-layout\"><thead><tr><td><strong>Specifikace<\/strong><\/td><td><strong>MCIO 8i (PCIe Gen 4 x 8)<\/strong><\/td><td><strong>USB4\u00ae verze 2.0<\/strong><\/td><td><strong>Oculink (PCIe Gen 4 x 4)<\/strong><\/td><\/tr><\/thead><tbody><tr><td><strong>Obousm\u011brn\u00e1 teoretick\u00e1 \u0161\u00ed\u0159ka p\u00e1sma<\/strong><\/td><td>Celkov\u00e1 obousm\u011brn\u00e1 \u0161\u00ed\u0159ka p\u00e1sma 256 Gb\/s<\/td><td>160 Gb\/s Celkov\u00e1 obousm\u011brn\u00e1 \u0161\u00ed\u0159ka p\u00e1sma<\/td><td>128 Gb\/s Celkov\u00e1 obousm\u011brn\u00e1 \u0161\u00ed\u0159ka p\u00e1sma<\/td><\/tr><tr><td><strong>Symetrick\u00fd re\u017eim<\/strong><\/td><td>Vys\u00edl\u00e1n\u00ed 128 Gb\/s \/ p\u0159\u00edjem 128 Gb\/s<\/td><td>P\u0159enos 80 Gb\/s \/ p\u0159\u00edjem 80 Gb\/s<\/td><td>P\u0159enos 64 Gb\/s \/ p\u0159\u00edjem 64 Gb\/s<\/td><\/tr><tr><td><strong>Asymetrick\u00fd re\u017eim<\/strong><\/td><td>\u2014<\/td><td>120 Gb\/s p\u0159enos \/ 40 Gb\/s p\u0159\u00edjem<\/td><td>\u2014<\/td><\/tr><tr><td><strong>Uni. Efektivn\u00ed datov\u00e1 \u0161\u00ed\u0159ka p\u00e1sma <\/strong><\/td><td>~15,75 GB\/s (jednosm\u011brn\u011b)<\/td><td>~9,6 GB\/s \/ ~14,5 GB\/s<\/td><td>~7,88 GB\/s (jednosm\u011brn\u011b)<\/td><\/tr><tr><td><strong>C\u00edlov\u00e9 sc\u00e9n\u00e1\u0159e (nebo nejlep\u0161\u00ed pro)<\/strong><\/td><td>HPC, synergie v\u00edce grafick\u00fdch procesor\u016f, \u0161kolen\u00ed AI<\/td><td>eGPU, vysokorychlostn\u00ed periferie, Plug-and-Play<\/td><td>Notebooky, mini po\u010d\u00edta\u010de, hern\u00ed kapesn\u00ed po\u010d\u00edta\u010de<\/td><\/tr><tr><td><strong>V\u00fdm\u011bna za provozu<\/strong><\/td><td>  Nen\u00ed podporov\u00e1no<\/td><td>Podporovan\u00e9 str\u00e1nky<\/td><td>Nen\u00ed podporov\u00e1no<\/td><\/tr><\/tbody><\/table><\/figure>\n\n<h2 class=\"wp-block-heading\">GPD BOX je prvn\u00ed mini PC spole\u010dnosti GPD.<\/h2>\n\n<p>Druh\u00fdm ozn\u00e1men\u00edm je GPD BOX, kter\u00fd spole\u010dnost GPD prezentuje jako sv\u016fj prvn\u00ed mini PC. To m\u00e1 v\u00fdznam samo o sob\u011b, proto\u017ee to znamen\u00e1 \u0161ir\u0161\u00ed produktov\u00fd posun pro spole\u010dnost, kter\u00e1 je zn\u00e1m\u00e1 p\u0159edev\u0161\u00edm kapesn\u00edmi hern\u00edmi po\u010d\u00edta\u010di, ultrakompaktn\u00edmi notebooky a dal\u0161\u00edmi za\u0159\u00edzen\u00edmi mal\u00fdch rozm\u011br\u016f. <\/p>\n\n<p>Podle spole\u010dnosti GPD je BOX zalo\u017een na platform\u011b Intel Panther Lake a podporuje rozhran\u00ed MCIO 8i a PCIe 5.0 x8 s obousm\u011brnou \u0161\u00ed\u0159kou p\u00e1sma a\u017e 512 Gb\/s. To nejsou zrovna tituln\u00ed specifikace, kter\u00e9 se obvykle pou\u017e\u00edvaj\u00ed p\u0159i prodeji z\u00e1kladn\u00edho kancel\u00e1\u0159sk\u00e9ho minipo\u010d\u00edta\u010de. Nazna\u010duj\u00ed, \u017ee GPD chce, aby BOX p\u0159ist\u00e1l jako kompaktn\u00ed v\u00fdkonn\u00fd stroj s v\u00e1\u017en\u00fdm potenci\u00e1lem roz\u0161\u00ed\u0159en\u00ed.  <\/p>\n<div class=\"wp-block-image\">\n<figure class=\"aligncenter size-medium\"><a href=\"https:\/\/droix.net\/blogs\/wp-content\/uploads\/2026\/04\/GPD-BOX-announcement.jpg\"><img decoding=\"async\" width=\"169\" height=\"300\" src=\"https:\/\/droix.net\/blogs\/wp-content\/uploads\/2026\/04\/GPD-BOX-announcement-169x300.jpg\" alt=\"Ozn&#xE1;men&#xED; GPD BOX\" class=\"wp-image-358328\" srcset=\"https:\/\/droix.net\/blogs\/wp-content\/uploads\/2026\/04\/GPD-BOX-announcement-169x300.jpg 169w, https:\/\/droix.net\/blogs\/wp-content\/uploads\/2026\/04\/GPD-BOX-announcement-576x1024.jpg 576w, https:\/\/droix.net\/blogs\/wp-content\/uploads\/2026\/04\/GPD-BOX-announcement-768x1365.jpg 768w, https:\/\/droix.net\/blogs\/wp-content\/uploads\/2026\/04\/GPD-BOX-announcement-864x1536.jpg 864w, https:\/\/droix.net\/blogs\/wp-content\/uploads\/2026\/04\/GPD-BOX-announcement-450x800.jpg 450w, https:\/\/droix.net\/blogs\/wp-content\/uploads\/2026\/04\/GPD-BOX-announcement-780x1387.jpg 780w, https:\/\/droix.net\/blogs\/wp-content\/uploads\/2026\/04\/GPD-BOX-announcement.jpg 1080w\" sizes=\"(max-width: 169px) 100vw, 169px\" \/><\/a><figcaption class=\"wp-element-caption\">Ozn\u00e1men\u00ed GPD BOX<\/figcaption><\/figure>\n<\/div>\n<p>Sama spole\u010dnost GPD se vyjad\u0159uje jednodu\u0161e. Zapojte GPD BOX do GPD G2 a v\u00fdsledkem m\u016f\u017ee b\u00fdt v\u00fdkonn\u00fd hern\u00ed po\u010d\u00edta\u010d s mnohem men\u0161\u00edmi rozm\u011bry ne\u017e tradi\u010dn\u00ed v\u011b\u017eov\u00e1 sestava. D\u00edky tomu by tento koncept mohl b\u00fdt atraktivn\u00ed i pro u\u017eivatele, kte\u0159\u00ed cht\u011bj\u00ed \u010dist\u0161\u00ed stoln\u00ed sestavu, sn\u00e1ze p\u0159enosnou pracovn\u00ed stanici nebo hern\u00ed stroj vhodn\u00fd do ob\u00fdvac\u00edho pokoje, ani\u017e by se vzdali prostoru pro extern\u00ed GPU.  <\/p>\n<div class=\"wp-block-image\">\n<figure class=\"aligncenter size-large\"><a href=\"https:\/\/droix.net\/blogs\/wp-content\/uploads\/2026\/04\/GPD-BOX-mini-PC.jpg\"><img decoding=\"async\" width=\"1024\" height=\"576\" src=\"https:\/\/droix.net\/blogs\/wp-content\/uploads\/2026\/04\/GPD-BOX-mini-PC-1024x576.jpg\" alt=\"GPD BOX mini PC\" class=\"wp-image-358333\" srcset=\"https:\/\/droix.net\/blogs\/wp-content\/uploads\/2026\/04\/GPD-BOX-mini-PC-1024x576.jpg 1024w, https:\/\/droix.net\/blogs\/wp-content\/uploads\/2026\/04\/GPD-BOX-mini-PC-300x169.jpg 300w, https:\/\/droix.net\/blogs\/wp-content\/uploads\/2026\/04\/GPD-BOX-mini-PC-768x432.jpg 768w, https:\/\/droix.net\/blogs\/wp-content\/uploads\/2026\/04\/GPD-BOX-mini-PC-1536x864.jpg 1536w, https:\/\/droix.net\/blogs\/wp-content\/uploads\/2026\/04\/GPD-BOX-mini-PC-450x253.jpg 450w, https:\/\/droix.net\/blogs\/wp-content\/uploads\/2026\/04\/GPD-BOX-mini-PC-780x439.jpg 780w, https:\/\/droix.net\/blogs\/wp-content\/uploads\/2026\/04\/GPD-BOX-mini-PC-1600x900.jpg 1600w, https:\/\/droix.net\/blogs\/wp-content\/uploads\/2026\/04\/GPD-BOX-mini-PC.jpg 1920w\" sizes=\"(max-width: 1024px) 100vw, 1024px\" \/><\/a><figcaption class=\"wp-element-caption\">GPD BOX mini PC<\/figcaption><\/figure>\n<\/div>\n<p>To je tak\u00e9 d\u016fvod, pro\u010d je prvn\u00ed mini PC z obchodn\u00edho hlediska d\u016fle\u017eit\u00e9. Pokud spole\u010dnost GPD dok\u00e1\u017ee p\u0159en\u00e9st sv\u00e9 zku\u0161enosti s designem mal\u00fdch za\u0159\u00edzen\u00ed do spr\u00e1vn\u00e9 podoby stoln\u00edho po\u010d\u00edta\u010de, mohl by se BOX st\u00e1t p\u0159irozen\u00fdm dal\u0161\u00edm krokem pro kupuj\u00edc\u00ed, kte\u0159\u00ed ji\u017e maj\u00ed r\u00e1di kompaktn\u00ed pr\u00e9miov\u00fd hardware, ale ne v\u017edy cht\u011bj\u00ed m\u00edt v prvn\u00ed \u0159ad\u011b design kapesn\u00edho po\u010d\u00edta\u010de. Vhodn\u011b se tak za\u0159ad\u00ed vedle za\u0159\u00edzen\u00ed, jako je <a href=\"https:\/\/droix.eu\/cs\/product\/gpd-win-5\/\" target=\"_blank\" rel=\"noopener\" title=\"\">GPD WIN 5,<\/a> a z\u00e1rove\u0148 posune zna\u010dku do jin\u00e9ho p\u0159\u00edpadu pou\u017eit\u00ed.  <\/p>\n\n<h2 class=\"wp-block-heading\">Co by Intel Panther Lake mohl p\u0159in\u00e9st do GPD BOXu<\/h2>\n\n<p>Jezero Panther Lake je jedn\u00edm z d\u016fvod\u016f, pro\u010d GPD BOX vynik\u00e1. V <a href=\"https:\/\/newsroom.intel.com\/client-computing\/intel-unveils-panther-lake-architecture-first-ai-pc-platform-built-on-18a\" target=\"_blank\" rel=\"noopener nofollow\" title=\"\">ofici\u00e1ln\u00edm ozn\u00e1men\u00ed platformy Panther Lake spole\u010dnost Intel<\/a> popisuje Panther Lake, nyn\u00ed ozna\u010dovan\u00fd jako Intel Core Ultra Series 3, jako sv\u016fj prvn\u00ed klientsk\u00fd syst\u00e9m na \u010dipu postaven\u00fd na platform\u011b Intel 18A. Intel tuto platformu umis\u0165uje do po\u010d\u00edta\u010d\u016f s um\u011blou inteligenc\u00ed, hern\u00edch za\u0159\u00edzen\u00ed a kompaktn\u00edch syst\u00e9m\u016f, kter\u00e9 pot\u0159ebuj\u00ed rovnov\u00e1hu mezi v\u00fdkonem a energetickou \u00fa\u010dinnost\u00ed.  <\/p>\n\n<p>Toto pozad\u00ed na \u00farovni platformy je d\u016fle\u017eit\u00e9, i kdy\u017e spole\u010dnost GPD zat\u00edm nepotvrdila, jak\u00fd \u010dip Panther Lake se v BOXu nach\u00e1z\u00ed. Intel uv\u00e1d\u00ed, \u017ee \u0161ir\u0161\u00ed rodina Panther Lake je postavena na \u0161k\u00e1lovateln\u00e9m v\u00edce\u010dipov\u00e9m designu s novou grafikou Intel Arc na podporovan\u00fdch SKU a a\u017e 180 platformov\u00fdmi TOPS nap\u0159\u00ed\u010d platformou. Jedn\u00e1 se o vlastn\u00ed \u00fadaje spole\u010dnosti Intel na \u00farovni platformy, nikoli o potvrzen\u00e9 specifikace GPD BOX, tak\u017ee je t\u0159eba je br\u00e1t sp\u00ed\u0161e jako kontext ne\u017e jako fin\u00e1ln\u00ed specifikace BOX.  <\/p>\n\n<p>Jin\u00fdmi slovy, Panther Lake pom\u00e1h\u00e1 vysv\u011btlit, pro\u010d spole\u010dnost GPD p\u0159edstavuje BOX jako n\u011bco v\u00edc ne\u017e jen mal\u00fd kancel\u00e1\u0159sk\u00fd po\u010d\u00edta\u010d. Pokud bude fin\u00e1ln\u00ed konfigurace sledovat sm\u011br, kter\u00fd Intel pro tuto platformu vyty\u010dil, mohl by BOX kombinovat modern\u00ed funkce AI PC, siln\u00fd grafick\u00fd potenci\u00e1l a kompaktn\u00ed design zp\u016fsobem, kter\u00fd p\u016fsob\u00ed ambici\u00f3zn\u011bji ne\u017e typick\u00fd levn\u00fd mini PC. <\/p>\n\n<figure class=\"wp-block-table\"><table class=\"has-fixed-layout\"><thead><tr><th>Detail plo\u0161iny u jezera Panther Lake<\/th><th>Ofici\u00e1ln\u00ed pokyny spole\u010dnosti Intel<\/th><th>Pro\u010d je to d\u016fle\u017eit\u00e9 pro GPD BOX<\/th><\/tr><\/thead><tbody><tr><td>Procesn\u00ed technologie<\/td><td>Prvn\u00ed klientsk\u00fd SoC postaven\u00fd na platform\u011b Intel 18A<\/td><td>Signalizuje, \u017ee BOX je spojen s jednou z nov\u011bj\u0161\u00edch klientsk\u00fdch platforem spole\u010dnosti Intel.<\/td><\/tr><tr><td>Polohov\u00e1n\u00ed<\/td><td>Vytvo\u0159eno pro po\u010d\u00edta\u010de s um\u011blou inteligenc\u00ed, hern\u00ed za\u0159\u00edzen\u00ed a okrajov\u00e9 syst\u00e9my<\/td><td>Odpov\u00edd\u00e1 snaze spole\u010dnosti GPD prod\u00e1vat BOX jako n\u011bco v\u00edc ne\u017e jen z\u00e1kladn\u00ed miniaturn\u00ed stoln\u00ed po\u010d\u00edta\u010d.<\/td><\/tr><tr><td>Grafick\u00fd sm\u011br<\/td><td>Nov\u00e1 grafika Intel Arc na podporovan\u00fdch SKU<\/td><td>Zvy\u0161uje strop toho, co m\u016f\u017ee BOX zvl\u00e1dnout p\u0159ed p\u0159id\u00e1n\u00edm eGPU.<\/td><\/tr><tr><td>Schopnost AI<\/td><td>A\u017e 180 plo\u0161in TOPS na plo\u0161in\u011b Panther Lake<\/td><td>Nazna\u010duje \u0161ir\u0161\u00ed v\u00fdpo\u010detn\u00ed funkce nov\u00e9 generace, a\u010dkoli kone\u010dn\u00e1 konfigurace BOXu zat\u00edm nebyla potvrzena.<\/td><\/tr><tr><td>Flexibilita tvarov\u00e9ho faktoru<\/td><td>\u0160k\u00e1lovateln\u00e1 architektura s v\u00edce \u010dipy<\/td><td>Pom\u00e1h\u00e1 vysv\u011btlit, pro\u010d spole\u010dnost GPD m\u016f\u017ee pova\u017eovat Panther Lake za vhodn\u00e9 \u0159e\u0161en\u00ed pro sv\u016fj prvn\u00ed mini PC.<\/td><\/tr><\/tbody><\/table><\/figure>\n\n<h2 class=\"wp-block-heading\">Pro\u010d je d\u016fle\u017eit\u00e9 p\u00e1rov\u00e1n\u00ed GPD G2 a GPD BOX?<\/h2>\n\n<p>Nejv\u011bt\u0161\u00edm p\u0159\u00ednosem tohoto ozn\u00e1men\u00ed nen\u00ed \u017e\u00e1dn\u00fd z produkt\u016f s\u00e1m o sob\u011b. Je to my\u0161lenka na \u00farovni syst\u00e9mu, kter\u00e1 za nimi stoj\u00ed. <\/p>\n\n<p>Kompaktn\u00ed v\u00fdpo\u010detn\u00ed technika se ji\u017e n\u011bjakou dobu posouv\u00e1 sm\u011brem k modul\u00e1rn\u011bj\u0161\u00edmu zvy\u0161ov\u00e1n\u00ed v\u00fdkonu, ale \u0161\u00ed\u0159ka p\u00e1sma byla \u010dasto \u00fazk\u00fdm hrdlem. Spole\u010dnost GPD \u00fa\u010dinn\u011b tvrd\u00ed, \u017ee MCIO m\u016f\u017ee pomoci tento probl\u00e9m vy\u0159e\u0161it p\u0159esv\u011bd\u010div\u011bj\u0161\u00edm zp\u016fsobem, zejm\u00e9na ve srovn\u00e1n\u00ed se star\u0161\u00edmi nebo omezen\u011bj\u0161\u00edmi extern\u00edmi cestami roz\u0161\u00ed\u0159en\u00ed. <\/p>\n\n<p>Pokud GPD BOX dok\u00e1\u017ee poskytnout vysok\u00fd ka\u017edodenn\u00ed v\u00fdkon jako mini PC a GPD G2 dok\u00e1\u017ee poskytnout p\u0159ipojen\u00ed extern\u00edho GPU t\u00e9m\u011b\u0159 na \u00farovni stoln\u00edho po\u010d\u00edta\u010de, mohla by tato dvojice zaujmout kupuj\u00edc\u00ed, kte\u0159\u00ed cht\u011bj\u00ed flexibilitu bez nutnosti m\u00edt plnohodnotn\u00fd stoln\u00ed po\u010d\u00edta\u010d. Pat\u0159\u00ed sem hr\u00e1\u010di, tv\u016frci, v\u00fdvoj\u00e1\u0159i a n\u00e1ro\u010dn\u00ed u\u017eivatel\u00e9, kter\u00fdm se l\u00edb\u00ed my\u0161lenka za\u010d\u00edt s kompaktn\u00edm z\u00e1kladn\u00edm syst\u00e9mem a roz\u0161\u00ed\u0159it jej, kdy\u017e pot\u0159ebuj\u00ed v\u00edce grafick\u00e9ho v\u00fdkonu. <\/p>\n\n<p>Vytv\u00e1\u0159\u00ed tak\u00e9 p\u0159irozen\u00fd most k \u0161ir\u0161\u00edmu hardwaru, kter\u00fd \u010dten\u00e1\u0159i DROIX ji\u017e sleduj\u00ed. Kupuj\u00edc\u00ed, kte\u0159\u00ed si ji\u017e prohl\u00ed\u017eej\u00ed <a href=\"https:\/\/droix.eu\/cs\/product-category\/mini-pcs\/\" target=\"_blank\" rel=\"noopener\" title=\"\">minipo\u010d\u00edta\u010de<\/a> nebo dokonce \u0161ir\u0161\u00ed <a href=\"https:\/\/droix.eu\/cs\/product-category\/accessories\/\" target=\"_blank\" rel=\"noopener\" title=\"\">kategorii p\u0159\u00edslu\u0161enstv\u00ed<\/a>, mohou pova\u017eovat G2 a BOX za sou\u010d\u00e1st stejn\u00e9ho tlaku na men\u0161\u00ed, ale schopn\u011bj\u0161\u00ed sestavy. <\/p>\n\n<h2 class=\"wp-block-heading\">Co je\u0161t\u011b nev\u00edme<\/h2>\n\n<p>V t\u00e9to prvn\u00ed vln\u011b materi\u00e1l\u016f, kter\u00e9 GPD ozn\u00e1mila, je st\u00e1le je\u0161t\u011b mnoho nepotvrzen\u00fdch informac\u00ed. Zat\u00edm nem\u00e1me k dispozici kone\u010dn\u00e9 ceny, data vyd\u00e1n\u00ed, region\u00e1ln\u00ed dostupnost, kompletn\u00ed procesorov\u00e9 a pam\u011b\u0165ov\u00e9 mo\u017enosti ani kompletn\u00ed rozpis \u0161asi a vstup\u016f a v\u00fdstup\u016f GPD BOX. <\/p>\n\n<p>Zat\u00edm tak\u00e9 nem\u00e1me k dispozici kontext pot\u0159ebn\u00fd k \u0159\u00e1dn\u00e9mu ov\u011b\u0159en\u00ed \u00fadaje o ztr\u00e1t\u011b v\u00fdkonu RTX 4090 p\u0159ipojen\u00e9ho k GPD G2. To neznamen\u00e1, \u017ee by toto tvrzen\u00ed bylo nemo\u017en\u00e9, ale znamen\u00e1 to, \u017ee by \u010dten\u00e1\u0159i m\u011bli po\u010dkat na pln\u00e9 podm\u00ednky benchmarku a nez\u00e1visl\u00e9 testy, ne\u017e budou toto \u010d\u00edslo pova\u017eovat za vy\u0159e\u0161en\u00e9. <\/p>\n\n<p>Prozat\u00edm je toto ozn\u00e1men\u00ed nejsiln\u011bj\u0161\u00edm vyj\u00e1d\u0159en\u00edm sm\u011bru. GPD s\u00e1z\u00ed na to, \u017ee kompaktn\u00ed po\u010d\u00edta\u010de, propojen\u00ed s vy\u0161\u0161\u00ed \u0161\u00ed\u0159kou p\u00e1sma a modul\u00e1rn\u00ed grafick\u00e9 roz\u0161\u00ed\u0159en\u00ed pat\u0159\u00ed k sob\u011b, a spojen\u00ed GPD G2 a GPD BOX je zat\u00edm nejjasn\u011bj\u0161\u00edm sign\u00e1lem, \u017ee pr\u00e1v\u011b v t\u00e9to oblasti chce d\u00e1le konkurovat. <\/p>\n\n<p>Pro \u010dten\u00e1\u0159e, kte\u0159\u00ed ji\u017e sleduj\u00ed ned\u00e1vn\u00fd v\u00fdvoj spole\u010dnosti GPD, toto odhalen\u00ed zapad\u00e1 do \u0161ir\u0161\u00edho zpravodajstv\u00ed, jako je <a href=\"https:\/\/droix.net\/blogs\/cs\/oznameni-gpd-win-5-specifikace-odhaluji-vykonny-kapesni-pocitac-ktery-rozdrti-egpu\/\" target=\"_blank\" rel=\"noopener\" title=\"\">ozn\u00e1men\u00ed GPD WIN 5<\/a>. BOX je sice pro GPD nov\u00e1 kategorie, ale hlavn\u00ed my\u0161lenka je zn\u00e1m\u00e1: mal\u00fd hardware, v\u011bt\u0161\u00ed ambice. <\/p>\n\n<h2 class=\"wp-block-heading\">\u010cASTO KLADEN\u00c9 DOTAZY<\/h2>\n\n<h3 class=\"wp-block-heading\">Co je GPD G2?<\/h3>\n\n<p>GPD G2 je extern\u00ed dokovac\u00ed stanice pro GPU, kterou spole\u010dnost GPD popisuje jako prvn\u00ed dvouportovou eGPU dokovac\u00ed stanici MCIO na sv\u011bt\u011b. Podporuje tak\u00e9 rozhran\u00ed USB4 v2.0, integrovan\u00e9 \u00falo\u017ei\u0161t\u011b M.2 a rychl\u00e9 100W nab\u00edjen\u00ed PD. <\/p>\n\n<h3 class=\"wp-block-heading\">Co je GPD BOX?<\/h3>\n\n<p>GPD BOX je nov\u011b ozn\u00e1men\u00fd stoln\u00ed syst\u00e9m zalo\u017een\u00fd na platform\u011b Panther Lake, kter\u00fd spole\u010dnost GPD ozna\u010duje za sv\u016fj prvn\u00ed mini PC. GPD uv\u00e1d\u00ed, \u017ee podporuje MCIO 8i a PCIe 5.0 x8 s obousm\u011brnou \u0161\u00ed\u0159kou p\u00e1sma a\u017e 512 Gb\/s. <\/p>\n\n<h3 class=\"wp-block-heading\">Pro\u010d je jezero Panther Lake d\u016fle\u017eit\u00e9 pro GPD BOX?<\/h3>\n\n<p>Panther Lake je d\u016fle\u017eit\u00fd, proto\u017ee jej Intel stav\u00ed do pozice modern\u00ed klientsk\u00e9 platformy pro po\u010d\u00edta\u010de s um\u011blou inteligenc\u00ed, hern\u00ed za\u0159\u00edzen\u00ed a kompaktn\u00ed syst\u00e9my. To pom\u00e1h\u00e1 vysv\u011btlit, pro\u010d GPD prezentuje BOX jako n\u011bco v\u00edc ne\u017e jen z\u00e1kladn\u00ed mini desktop, i kdy\u017e p\u0159esn\u00e1 konfigurace \u010dipu BOX zat\u00edm nebyla potvrzena. <\/p>\n\n<h3 class=\"wp-block-heading\">M\u016f\u017ee se za\u0159\u00edzen\u00ed GPD BOX p\u0159ipojit k za\u0159\u00edzen\u00ed GPD G2?<\/h3>\n\n<p>Ano, to je jedna z hlavn\u00edch my\u0161lenek tohoto ozn\u00e1men\u00ed. GPD stav\u00ed BOX a G2 do pozice p\u00e1rov\u00e9 sestavy, kter\u00e1 dok\u00e1\u017ee z kompaktn\u00edho mini po\u010d\u00edta\u010de vytvo\u0159it v\u00fdkonn\u011bj\u0161\u00ed hern\u00ed po\u010d\u00edta\u010d. <\/p>\n\n<h3 class=\"wp-block-heading\">Potvrdila spole\u010dnost GPD cenu nebo datum vyd\u00e1n\u00ed?<\/h3>\n\n<p>Ne, ne v materi\u00e1lech, kter\u00e9 jsou zde v sou\u010dasn\u00e9 dob\u011b k dispozici. Ceny, na\u010dasov\u00e1n\u00ed uveden\u00ed na trh a podrobn\u011bj\u0161\u00ed \u00fadaje o konfiguraci je t\u0159eba je\u0161t\u011b potvrdit. <\/p>\n\n<h3 class=\"wp-block-heading\">M\u011bli byste pova\u017eovat tvrzen\u00ed o 2% ztr\u00e1t\u011b v\u00fdkonu RTX 4090 za kone\u010dn\u00e9?<\/h3>\n\n<p>Ne, je\u0161t\u011b ne. Spole\u010dnost GPD se o toto tvrzen\u00ed pod\u011blila, ale dostupn\u00e9 materi\u00e1ly k ozn\u00e1men\u00ed neobsahuj\u00ed podm\u00ednky testov\u00e1n\u00ed ani srovn\u00e1vac\u00ed metodiku pot\u0159ebnou k jeho nez\u00e1visl\u00e9mu ov\u011b\u0159en\u00ed. <\/p>\n","protected":false},"excerpt":{"rendered":"<p>Spole\u010dnost GPD ozn\u00e1mila GPD G2, dokovac\u00ed stanici pro eGPU s rozhran\u00edm MCIO a USB4 v2.0, a tak\u00e9 GPD BOX, kter\u00fd p\u0159edstavuje jako sv\u016fj prvn\u00ed mini po\u010d\u00edta\u010d.  <\/p>\n","protected":false},"author":859,"featured_media":358377,"comment_status":"open","ping_status":"closed","sticky":false,"template":"","format":"standard","meta":{"footnotes":""},"categories":[2984,3222,2146],"tags":[8517,2420,2263,6877,2247,8516,2281],"class_list":{"0":"post-358375","1":"post","2":"type-post","3":"status-publish","4":"format-standard","5":"has-post-thumbnail","7":"category-mini-pc-cs-2","8":"category-prislusenstvi-cs","9":"category-zpravy","10":"tag-box","11":"tag-dokovaci-stanice","12":"tag-egpu-cs","13":"tag-g2","14":"tag-gpd-cs","15":"tag-gpd-box","16":"tag-mini-pc-cs"},"aioseo_notices":[],"_links":{"self":[{"href":"https:\/\/droix.net\/blogs\/cs\/wp-json\/wp\/v2\/posts\/358375","targetHints":{"allow":["GET"]}}],"collection":[{"href":"https:\/\/droix.net\/blogs\/cs\/wp-json\/wp\/v2\/posts"}],"about":[{"href":"https:\/\/droix.net\/blogs\/cs\/wp-json\/wp\/v2\/types\/post"}],"author":[{"embeddable":true,"href":"https:\/\/droix.net\/blogs\/cs\/wp-json\/wp\/v2\/users\/859"}],"replies":[{"embeddable":true,"href":"https:\/\/droix.net\/blogs\/cs\/wp-json\/wp\/v2\/comments?post=358375"}],"version-history":[{"count":2,"href":"https:\/\/droix.net\/blogs\/cs\/wp-json\/wp\/v2\/posts\/358375\/revisions"}],"predecessor-version":[{"id":358473,"href":"https:\/\/droix.net\/blogs\/cs\/wp-json\/wp\/v2\/posts\/358375\/revisions\/358473"}],"wp:featuredmedia":[{"embeddable":true,"href":"https:\/\/droix.net\/blogs\/cs\/wp-json\/wp\/v2\/media\/358377"}],"wp:attachment":[{"href":"https:\/\/droix.net\/blogs\/cs\/wp-json\/wp\/v2\/media?parent=358375"}],"wp:term":[{"taxonomy":"category","embeddable":true,"href":"https:\/\/droix.net\/blogs\/cs\/wp-json\/wp\/v2\/categories?post=358375"},{"taxonomy":"post_tag","embeddable":true,"href":"https:\/\/droix.net\/blogs\/cs\/wp-json\/wp\/v2\/tags?post=358375"}],"curies":[{"name":"wp","href":"https:\/\/api.w.org\/{rel}","templated":true}]}}