{"id":276683,"date":"2025-04-15T09:11:34","date_gmt":"2025-04-15T08:11:34","guid":{"rendered":"https:\/\/droix.net\/blogs\/paques-houblonnees-de-droix-heures-douverture-importantes\/"},"modified":"2025-04-15T09:46:38","modified_gmt":"2025-04-15T08:46:38","slug":"paques-houblonnees-de-droix-heures-douverture-importantes","status":"publish","type":"post","link":"https:\/\/droix.net\/blogs\/fr\/paques-houblonnees-de-droix-heures-douverture-importantes\/","title":{"rendered":"P\u00e2ques houblonn\u00e9es de DROIX ! Heures d'ouverture importantes"},"content":{"rendered":"\n<p>Le week-end de P\u00e2ques approche \u00e0 grands pas et DROIX souhaite vous informer de ses heures d'ouverture afin que vous puissiez vous organiser en cons\u00e9quence.<\/p>\n\n<p>Veuillez noter que nos bureaux seront <strong>ferm\u00e9s<\/strong> les jours suivants :<\/p>\n\n<ul class=\"wp-block-list\">\n<li><strong>Vendredi saint :<\/strong> Vendredi 18 avril<\/li>\n\n\n\n<li><strong>Samedi de P\u00e2ques :<\/strong> Samedi 19 avril (fermeture habituelle le week-end)<\/li>\n\n\n\n<li><strong>Dimanche de P\u00e2ques :<\/strong> Dimanche 20 avril (fermeture habituelle le week-end)<\/li>\n\n\n\n<li><strong>Lundi de P\u00e2ques (jour f\u00e9ri\u00e9) :<\/strong> Lundi 21 avril<\/li>\n<\/ul>\n\n<p>Par cons\u00e9quent, toute commande pass\u00e9e apr\u00e8s <strong>14 heures le jeudi 17 avril<\/strong> sera exp\u00e9di\u00e9e le <strong>mardi 22 avril.<\/strong><\/p>\n\n<p>Notre \u00e9quipe de <a href=\"https:\/\/droix.net\/contact-us\/\" data-type=\"link\" data-id=\"https:\/\/droix.net\/contact-us\/\">service \u00e0 la client\u00e8le<\/a> sera disponible pendant toute la p\u00e9riode de P\u00e2ques, mais sachez que le service sera limit\u00e9 pendant ces quatre jours. Nous ferons de notre mieux pour r\u00e9pondre \u00e0 vos questions le plus rapidement possible. <\/p>\n\n<p>Nous vous souhaitons \u00e0 tous un joyeux et reposant week-end de P\u00e2ques !<\/p>\n\n<p>L'\u00e9quipe DROIX<\/p>\n","protected":false},"excerpt":{"rendered":"<p>Informations sur les heures d'ouverture de DROIX pendant la p\u00e9riode de P\u00e2ques.<\/p>\n","protected":false},"author":859,"featured_media":276563,"comment_status":"open","ping_status":"closed","sticky":false,"template":"","format":"standard","meta":{"footnotes":""},"categories":[423],"tags":[3751],"class_list":{"0":"post-276683","1":"post","2":"type-post","3":"status-publish","4":"format-standard","5":"has-post-thumbnail","7":"category-annonces","8":"tag-paques"},"aioseo_notices":[],"_links":{"self":[{"href":"https:\/\/droix.net\/blogs\/fr\/wp-json\/wp\/v2\/posts\/276683","targetHints":{"allow":["GET"]}}],"collection":[{"href":"https:\/\/droix.net\/blogs\/fr\/wp-json\/wp\/v2\/posts"}],"about":[{"href":"https:\/\/droix.net\/blogs\/fr\/wp-json\/wp\/v2\/types\/post"}],"author":[{"embeddable":true,"href":"https:\/\/droix.net\/blogs\/fr\/wp-json\/wp\/v2\/users\/859"}],"replies":[{"embeddable":true,"href":"https:\/\/droix.net\/blogs\/fr\/wp-json\/wp\/v2\/comments?post=276683"}],"version-history":[{"count":1,"href":"https:\/\/droix.net\/blogs\/fr\/wp-json\/wp\/v2\/posts\/276683\/revisions"}],"predecessor-version":[{"id":276686,"href":"https:\/\/droix.net\/blogs\/fr\/wp-json\/wp\/v2\/posts\/276683\/revisions\/276686"}],"wp:featuredmedia":[{"embeddable":true,"href":"https:\/\/droix.net\/blogs\/fr\/wp-json\/wp\/v2\/media\/276563"}],"wp:attachment":[{"href":"https:\/\/droix.net\/blogs\/fr\/wp-json\/wp\/v2\/media?parent=276683"}],"wp:term":[{"taxonomy":"category","embeddable":true,"href":"https:\/\/droix.net\/blogs\/fr\/wp-json\/wp\/v2\/categories?post=276683"},{"taxonomy":"post_tag","embeddable":true,"href":"https:\/\/droix.net\/blogs\/fr\/wp-json\/wp\/v2\/tags?post=276683"}],"curies":[{"name":"wp","href":"https:\/\/api.w.org\/{rel}","templated":true}]}}