{"id":358374,"date":"2026-04-27T09:56:54","date_gmt":"2026-04-27T08:56:54","guid":{"rendered":"https:\/\/droix.net\/blogs\/gpd-g2-es-gpd-box-parositja-az-mcio-egpu-teljesitmenyt-a-gpd-elso-mini-pc-jevel\/"},"modified":"2026-04-27T11:06:52","modified_gmt":"2026-04-27T10:06:52","slug":"gpd-g2-es-gpd-box-parositja-az-mcio-egpu-teljesitmenyt-a-gpd-elso-mini-pc-jevel","status":"publish","type":"post","link":"https:\/\/droix.net\/blogs\/hu\/gpd-g2-es-gpd-box-parositja-az-mcio-egpu-teljesitmenyt-a-gpd-elso-mini-pc-jevel\/","title":{"rendered":"GPD G2 \u00e9s GPD BOX p\u00e1ros\u00edtja az MCIO eGPU teljes\u00edtm\u00e9nyt a GPD els\u0151 mini PC-j\u00e9vel"},"content":{"rendered":"\n<p><strong>Mi a GPD G2 \u00e9s a GPD BOX?<\/strong> A GPD bejelentette a GPD G2-t, egy MCIO \u00e9s USB4 v2.0 <a href=\"https:\/\/droix.eu\/hu\/product-category\/egpu\/\" target=\"_blank\" rel=\"noopener\" title=\"eGPU\">eGPU<\/a> dokkol\u00f3t, valamint a GPD BOX-ot, amelyet az els\u0151 <a href=\"https:\/\/droix.eu\/hu\/product-category\/mini-pcs\/\" target=\"_blank\" rel=\"noopener\" title=\"mini PC\">mini PC-k\u00e9nt<\/a> poz\u00edcion\u00e1l. A p\u00e1ros a nagy s\u00e1vsz\u00e9less\u00e9g\u0171 k\u00fcls\u0151 grafikus b\u0151v\u00edt\u00e9st egy Intel Panther Lake-alap\u00fa kompakt asztali kialak\u00edt\u00e1ssal \u00f6tv\u00f6zi. <\/p>\n\n<p>A GPD legut\u00f3bbi bejelent\u00e9se egy \u00faj, k\u00e9t r\u00e9szb\u0151l \u00e1ll\u00f3 asztali strat\u00e9gi\u00e1ra utal. A v\u00e1llalat bemutatta a GPD G2-t, amelyet a vil\u00e1g els\u0151 MCIO k\u00e9tportos eGPU dokkol\u00f3jak\u00e9nt jellemez, a GPD BOX mellett, amely egy Panther Lake-alap\u00fa mini PC, amelyet \u00fagy t\u0171nik, hogy k\u00f6zvetlen\u00fcl a dokkol\u00f3val val\u00f3 egy\u00fcttm\u0171k\u00f6d\u00e9sre terveztek. <\/p>\n\n<p>Ez az\u00e9rt fontos, mert <a href=\"https:\/\/droix.eu\/hu\/product-attribute\/brands\/gpd\/\" target=\"_blank\" rel=\"noopener\" title=\"GPD\">a GPD<\/a> nem csak egy \u00fajabb kis PC-t vagy egy \u00fajabb dokkol\u00f3t dob piacra elszigetelten. Egy olyan \u00f6sszeillesztett konfigur\u00e1ci\u00f3t k\u00edn\u00e1l, ahol egy kompakt asztali sz\u00e1m\u00edt\u00f3g\u00e9pet egy nagyobb s\u00e1vsz\u00e9less\u00e9g\u0171 grafikus dokkol\u00f3hoz csatlakoztatva sokkal ink\u00e1bb \u00fagy viselkedik, mint egy komoly j\u00e1t\u00e9k- vagy alkot\u00f3g\u00e9p. A kisebb \u00e9s modul\u00e1risabb rendszerek fel\u00e9 t\u00f6rt\u00e9n\u0151 sz\u00e9lesebb k\u00f6r\u0171 elmozdul\u00e1st figyel\u0151 olvas\u00f3k sz\u00e1m\u00e1ra ez lehet az egyik leg\u00e9rdekesebb kapcsolat a mini PC-k vil\u00e1ga \u00e9s a sz\u00e9lesebb k\u00f6r\u0171, nagy teljes\u00edtm\u00e9ny\u0171 kompakt PC-k kateg\u00f3ri\u00e1ja k\u00f6z\u00f6tt.  <\/p>\n\n<p>A bejelent\u00e9s m\u00e9g korai. A GPD megosztotta az alapvet\u0151 hardveres szempontokat \u00e9s n\u00e9h\u00e1ny kiemelked\u0151 \u00e1ll\u00edt\u00e1st, de az \u00e1rk\u00e9pz\u00e9s, a bevezet\u00e9s id\u0151z\u00edt\u00e9se, a teljes konfigur\u00e1ci\u00f3 \u00e9s a legnagyobb teljes\u00edtm\u00e9nyre vonatkoz\u00f3 kijelent\u00e9sek m\u00f6g\u00f6tt \u00e1ll\u00f3 tesztk\u00f6r\u00fclm\u00e9nyek m\u00e9g nem ker\u00fcltek meger\u0151s\u00edt\u00e9sre az eddig rendelkez\u00e9sre \u00e1ll\u00f3 anyagokban. <\/p>\n\n<figure class=\"wp-block-table\"><table class=\"has-fixed-layout\"><thead><tr><th>Term\u00e9k<\/th><th>Amit a GPD meger\u0151s\u00edtett<\/th><th>Mi\u00e9rt fontos<\/th><\/tr><\/thead><tbody><tr><td>GPD G2<\/td><td>MCIO k\u00e9tportos eGPU dokkol\u00f3, USB4 v2.0, be\u00e9p\u00edtett M.2 t\u00e1rol\u00f3, 100W-os PD gyorst\u00f6lt\u00e9s, \u00e1ll\u00edt\u00f3lag 2%-os RTX 4090 teljes\u00edtm\u00e9nycs\u00f6kken\u00e9s<\/td><td>Javasolja a s\u00e1vsz\u00e9less\u00e9gre \u00e9s az asztali k\u00e9nyelemre \u00e9p\u00fcl\u0151 dokkol\u00f3t, nem csak az alapvet\u0151 k\u00fcls\u0151 GPU-hozz\u00e1f\u00e9r\u00e9st.<\/td><\/tr><tr><td>GPD BOX<\/td><td>GPD els\u0151 mini PC-je, Intel Panther Lake, MCIO 8i, PCIe 5.0 x8, ak\u00e1r 512 Gbps k\u00e9tir\u00e1ny\u00fa s\u00e1vsz\u00e9less\u00e9ggel<\/td><td>A GPD a val\u00f3di kompakt asztali sz\u00e1m\u00edt\u00f3g\u00e9pek kateg\u00f3ri\u00e1j\u00e1ba val\u00f3 bel\u00e9p\u00e9shez poz\u00edcion\u00e1lja a GPD-t<\/td><\/tr><\/tbody><\/table><\/figure>\n\n<h2 class=\"wp-block-heading\">A GPD G2 az MCIO-t \u00e9s az USB4 v2.0-t helyezi a t\u00f6rt\u00e9net k\u00f6z\u00e9ppontj\u00e1ba<\/h2>\n\n<p>A GPD G2 a vil\u00e1g els\u0151 MCIO k\u00e9tportos eGPU dokkol\u00f3jak\u00e9nt ker\u00fcl bemutat\u00e1sra. Pap\u00edron ez eg\u00e9szen m\u00e1s identit\u00e1st ad neki, mint egy tipikusabb k\u00fcls\u0151 GPU-kieg\u00e9sz\u00edt\u0151, mivel a GPD egy\u00e9rtelm\u0171en az MCIO-t poz\u00edcion\u00e1lja, mint kulcsfontoss\u00e1g\u00fa teljes\u00edtm\u00e9nyt, nem pedig hi\u00e1nyp\u00f3tl\u00f3 extrak\u00e9nt kezeli. <\/p>\n<div class=\"wp-block-image\">\n<figure class=\"aligncenter size-medium\"><a href=\"https:\/\/droix.net\/blogs\/wp-content\/uploads\/2026\/04\/GPD-G2-announcement.jpg\"><img decoding=\"async\" width=\"169\" height=\"300\" src=\"https:\/\/droix.net\/blogs\/wp-content\/uploads\/2026\/04\/GPD-G2-announcement-169x300.jpg\" alt=\"GPD G2 bejelent&#xE9;s\" class=\"wp-image-358327\" srcset=\"https:\/\/droix.net\/blogs\/wp-content\/uploads\/2026\/04\/GPD-G2-announcement-169x300.jpg 169w, https:\/\/droix.net\/blogs\/wp-content\/uploads\/2026\/04\/GPD-G2-announcement-576x1024.jpg 576w, https:\/\/droix.net\/blogs\/wp-content\/uploads\/2026\/04\/GPD-G2-announcement-768x1365.jpg 768w, https:\/\/droix.net\/blogs\/wp-content\/uploads\/2026\/04\/GPD-G2-announcement-864x1536.jpg 864w, https:\/\/droix.net\/blogs\/wp-content\/uploads\/2026\/04\/GPD-G2-announcement-450x800.jpg 450w, https:\/\/droix.net\/blogs\/wp-content\/uploads\/2026\/04\/GPD-G2-announcement-780x1387.jpg 780w, https:\/\/droix.net\/blogs\/wp-content\/uploads\/2026\/04\/GPD-G2-announcement.jpg 1080w\" sizes=\"(max-width: 169px) 100vw, 169px\" \/><\/a><figcaption class=\"wp-element-caption\">GPD G2 bejelent\u00e9s<\/figcaption><\/figure>\n<\/div>\n<p>A GPD szerint a dokkol\u00f3 t\u00e1mogatja az USB4 v2.0-t, a be\u00e9p\u00edtett M.2 t\u00e1rol\u00f3t \u00e9s a 100 W-os PD gyorst\u00f6lt\u00e9st is. Ez a mix azt sugallja, hogy a G2 t\u00f6bbre hivatott, mint a grafikus teljes\u00edtm\u00e9ny n\u00f6vel\u00e9se. \u00dagy t\u0171nik, \u00fagy tervezt\u00e9k, hogy sz\u00e9lesebb k\u00f6r\u0171 asztali dokkol\u00f3 hubk\u00e9nt m\u0171k\u00f6dj\u00f6n, amely a felhaszn\u00e1l\u00f3k sz\u00e1m\u00e1ra grafikus b\u0151v\u00edt\u00e9st, extra t\u00e1rol\u00e1si potenci\u00e1lt \u00e9s egyk\u00e1beles t\u00f6lt\u00e9st\u00e1mogat\u00e1st biztos\u00edt egy egys\u00e9gben.  <\/p>\n\n<p>A bejelent\u00e9s legmer\u00e9szebb \u00e1ll\u00edt\u00e1sa a teljes\u00edtm\u00e9ny. A GPD szerint egy RTX 4090 mind\u00f6ssze 2%-os teljes\u00edtm\u00e9nyvesztes\u00e9ggel futna a GPD G2-n. Ez a sz\u00e1m a c\u00edmlapokra ker\u00fcl, ha a val\u00f3s tesztek sor\u00e1n is meg\u00e1llja a hely\u00e9t. Egyel\u0151re ezt a sz\u00e1mot a gy\u00e1rt\u00f3 \u00e1ll\u00edt\u00e1sak\u00e9nt kell kezelni, mivel a jelenlegi bejelent\u00e9si anyag nem tartalmazza a m\u00f6g\u00f6tte \u00e1ll\u00f3 tesztfel\u00e1ll\u00e1st, felbont\u00e1si c\u00e9lokat, munkaterhel\u00e9si list\u00e1t vagy benchmark-m\u00f3dszertant.  <\/p>\n<div class=\"wp-block-image\">\n<figure class=\"aligncenter size-large\"><a href=\"https:\/\/droix.net\/blogs\/wp-content\/uploads\/2026\/04\/GPD-G2-eGPU-docking-station.jpg\"><img decoding=\"async\" width=\"1024\" height=\"576\" src=\"https:\/\/droix.net\/blogs\/wp-content\/uploads\/2026\/04\/GPD-G2-eGPU-docking-station-1024x576.jpg\" alt=\"GPD G2 eGPU dokkol&#xF3;&#xE1;llom&#xE1;s\" class=\"wp-image-358334\" srcset=\"https:\/\/droix.net\/blogs\/wp-content\/uploads\/2026\/04\/GPD-G2-eGPU-docking-station-1024x576.jpg 1024w, https:\/\/droix.net\/blogs\/wp-content\/uploads\/2026\/04\/GPD-G2-eGPU-docking-station-300x169.jpg 300w, https:\/\/droix.net\/blogs\/wp-content\/uploads\/2026\/04\/GPD-G2-eGPU-docking-station-768x432.jpg 768w, https:\/\/droix.net\/blogs\/wp-content\/uploads\/2026\/04\/GPD-G2-eGPU-docking-station-1536x864.jpg 1536w, https:\/\/droix.net\/blogs\/wp-content\/uploads\/2026\/04\/GPD-G2-eGPU-docking-station-450x253.jpg 450w, https:\/\/droix.net\/blogs\/wp-content\/uploads\/2026\/04\/GPD-G2-eGPU-docking-station-780x439.jpg 780w, https:\/\/droix.net\/blogs\/wp-content\/uploads\/2026\/04\/GPD-G2-eGPU-docking-station-1600x900.jpg 1600w, https:\/\/droix.net\/blogs\/wp-content\/uploads\/2026\/04\/GPD-G2-eGPU-docking-station.jpg 1920w\" sizes=\"(max-width: 1024px) 100vw, 1024px\" \/><\/a><figcaption class=\"wp-element-caption\">GPD G2 eGPU dokkol\u00f3\u00e1llom\u00e1s<\/figcaption><\/figure>\n<\/div>\n<p>M\u00e9g ezzel a fenntart\u00e1ssal is egy\u00e9rtelm\u0171 az ir\u00e1ny. A GPD azt szeretn\u00e9, ha a G2 egy nagyobb s\u00e1vsz\u00e9less\u00e9g\u0171 el\u0151rel\u00e9p\u00e9st jelentene a felhaszn\u00e1l\u00f3k sz\u00e1m\u00e1ra, akik a kis rendszerekb\u0151l az asztali sz\u00e1m\u00edt\u00f3g\u00e9pekhez hasonl\u00f3 eGPU-teljes\u00edtm\u00e9nyt szeretn\u00e9nek el\u00e9rni, legyen sz\u00f3 ak\u00e1r egy kompakt munka\u00e1llom\u00e1sr\u00f3l, egy j\u00f6v\u0151beli asztali sz\u00e1m\u00edt\u00f3g\u00e9p helyettes\u00edt\u00e9s\u00e9r\u0151l vagy egy m\u00e1sik eszk\u00f6zr\u0151l a <a href=\"https:\/\/droix.eu\/hu\/product-attribute\/brands\/gpd\/\">GPD sz\u00e9lesebb \u00f6kosziszt\u00e9m\u00e1j\u00e1ban<\/a>. <\/p>\n\n<figure class=\"wp-block-table\"><table class=\"has-fixed-layout\"><thead><tr><td><strong>M\u0171szaki adatok<\/strong><\/td><td><strong>MCIO 8i (PCIe Gen 4 x 8)<\/strong><\/td><td><strong>USB4\u00ae 2.0 verzi\u00f3<\/strong><\/td><td><strong>Oculink (PCIe Gen 4 x 4)<\/strong><\/td><\/tr><\/thead><tbody><tr><td><strong>K\u00e9tir\u00e1ny\u00fa elm\u00e9leti s\u00e1vsz\u00e9less\u00e9g<\/strong><\/td><td>256 Gbps teljes k\u00e9tir\u00e1ny\u00fa s\u00e1vsz\u00e9less\u00e9g<\/td><td>160 Gbps Teljes k\u00e9tir\u00e1ny\u00fa s\u00e1vsz\u00e9less\u00e9g<\/td><td>128 Gbps teljes k\u00e9tir\u00e1ny\u00fa s\u00e1vsz\u00e9less\u00e9g<\/td><\/tr><tr><td><strong>Szimmetrikus \u00fczemm\u00f3d<\/strong><\/td><td>128 Gbps \u00e1tvitel \/ 128 Gbps v\u00e9tel<\/td><td>80 Gbps \u00e1tvitel \/ 80 Gbps v\u00e9tel<\/td><td>64 Gbps \u00e1tvitel \/ 64 Gbps v\u00e9tel<\/td><\/tr><tr><td><strong>Aszimmetrikus \u00fczemm\u00f3d<\/strong><\/td><td>\u2014<\/td><td>120 Gbps \u00e1tvitel \/ 40 Gbps v\u00e9tel<\/td><td>\u2014<\/td><\/tr><tr><td><strong>Uni. Hat\u00e9kony adats\u00e1vsz\u00e9less\u00e9g <\/strong><\/td><td>~15,75 GB\/s (egyir\u00e1ny\u00fa)<\/td><td>~9,6 GB\/s \/ ~14,5 GB\/s<\/td><td>~7,88 GB\/s (egyir\u00e1ny\u00fa)<\/td><\/tr><tr><td><strong>C\u00e9lforgat\u00f3k\u00f6nyvek (vagy Best for)<\/strong><\/td><td>HPC, Multi-GPU szinergia, AI k\u00e9pz\u00e9s<\/td><td>eGPU, nagy sebess\u00e9g\u0171 perif\u00e9ri\u00e1k, Plug-and-Play<\/td><td>Laptopok, mini PC-k, k\u00e9zi sz\u00e1m\u00edt\u00f3g\u00e9pek, j\u00e1t\u00e9kg\u00e9pek<\/td><\/tr><tr><td><strong>Hot-swap-k\u00e9pes<\/strong><\/td><td>  Nem t\u00e1mogatott<\/td><td>T\u00e1mogatott<\/td><td>Nem t\u00e1mogatott<\/td><\/tr><\/tbody><\/table><\/figure>\n\n<h2 class=\"wp-block-heading\">A GPD BOX a GPD els\u0151 mini-PC-je.<\/h2>\n\n<p>A m\u00e1sodik bejelent\u00e9s a GPD BOX, amelyet a GPD els\u0151 mini PC-jek\u00e9nt poz\u00edcion\u00e1l. Ez \u00f6nmag\u00e1ban is fontos, mert sz\u00e9lesebb k\u00f6r\u0171 term\u00e9kv\u00e1lt\u00e1st jelent egy olyan v\u00e1llalat sz\u00e1m\u00e1ra, amely legink\u00e1bb k\u00e9zi j\u00e1t\u00e9k-PC-kr\u0151l, ultrakompakt laptopokr\u00f3l \u00e9s m\u00e1s kis m\u00e9ret\u0171 eszk\u00f6z\u00f6kr\u0151l ismert. <\/p>\n\n<p>A GPD szerint a BOX az Intel Panther Lake-en alapul, \u00e9s t\u00e1mogatja az MCIO 8i \u00e9s a PCIe 5.0 x8 szabv\u00e1nyt, ak\u00e1r 512 Gbps k\u00e9tir\u00e1ny\u00fa s\u00e1vsz\u00e9less\u00e9ggel. Ezek nem azok a f\u0151c\u00edmek, amelyekkel \u00e1ltal\u00e1ban egy egyszer\u0171 irodai mini PC-t szoktak rekl\u00e1mozni. Azt sugallj\u00e1k, hogy a GPD a BOX-ot egy kompakt teljes\u00edtm\u00e9ny\u0171, komoly b\u0151v\u00edt\u00e9si potenci\u00e1llal rendelkez\u0151 g\u00e9pnek sz\u00e1nja.  <\/p>\n<div class=\"wp-block-image\">\n<figure class=\"aligncenter size-medium\"><a href=\"https:\/\/droix.net\/blogs\/wp-content\/uploads\/2026\/04\/GPD-BOX-announcement.jpg\"><img decoding=\"async\" width=\"169\" height=\"300\" src=\"https:\/\/droix.net\/blogs\/wp-content\/uploads\/2026\/04\/GPD-BOX-announcement-169x300.jpg\" alt=\"GPD BOX bejelent&#xE9;s\" class=\"wp-image-358328\" srcset=\"https:\/\/droix.net\/blogs\/wp-content\/uploads\/2026\/04\/GPD-BOX-announcement-169x300.jpg 169w, https:\/\/droix.net\/blogs\/wp-content\/uploads\/2026\/04\/GPD-BOX-announcement-576x1024.jpg 576w, https:\/\/droix.net\/blogs\/wp-content\/uploads\/2026\/04\/GPD-BOX-announcement-768x1365.jpg 768w, https:\/\/droix.net\/blogs\/wp-content\/uploads\/2026\/04\/GPD-BOX-announcement-864x1536.jpg 864w, https:\/\/droix.net\/blogs\/wp-content\/uploads\/2026\/04\/GPD-BOX-announcement-450x800.jpg 450w, https:\/\/droix.net\/blogs\/wp-content\/uploads\/2026\/04\/GPD-BOX-announcement-780x1387.jpg 780w, https:\/\/droix.net\/blogs\/wp-content\/uploads\/2026\/04\/GPD-BOX-announcement.jpg 1080w\" sizes=\"(max-width: 169px) 100vw, 169px\" \/><\/a><figcaption class=\"wp-element-caption\">GPD BOX bejelent\u00e9s<\/figcaption><\/figure>\n<\/div>\n<p>A GPD saj\u00e1t p\u00e1ly\u00e1ja egyszer\u0171. Csatlakoztassa a GPD BOX-ot a GPD G2-hez, \u00e9s az eredm\u00e9ny egy nagy teljes\u00edtm\u00e9ny\u0171 j\u00e1t\u00e9k-PC lehet, amely sokkal kisebb alapter\u00fclet\u0171, mint egy hagyom\u00e1nyos torony\u00e9p\u00edt\u00e9s. Ez vonz\u00f3v\u00e1 teheti a koncepci\u00f3t azon felhaszn\u00e1l\u00f3k sz\u00e1m\u00e1ra is, akik egy letisztultabb \u00edr\u00f3asztalt, egy k\u00f6nnyebben hordozhat\u00f3 munka\u00e1llom\u00e1st vagy egy nappali-bar\u00e1t j\u00e1t\u00e9kg\u00e9pet szeretn\u00e9nek an\u00e9lk\u00fcl, hogy lemondan\u00e1nak a k\u00fcls\u0151 GPU-fejter\u00e9r\u0151l.  <\/p>\n<div class=\"wp-block-image\">\n<figure class=\"aligncenter size-large\"><a href=\"https:\/\/droix.net\/blogs\/wp-content\/uploads\/2026\/04\/GPD-BOX-mini-PC.jpg\"><img decoding=\"async\" width=\"1024\" height=\"576\" src=\"https:\/\/droix.net\/blogs\/wp-content\/uploads\/2026\/04\/GPD-BOX-mini-PC-1024x576.jpg\" alt=\"GPD BOX mini PC\" class=\"wp-image-358333\" srcset=\"https:\/\/droix.net\/blogs\/wp-content\/uploads\/2026\/04\/GPD-BOX-mini-PC-1024x576.jpg 1024w, https:\/\/droix.net\/blogs\/wp-content\/uploads\/2026\/04\/GPD-BOX-mini-PC-300x169.jpg 300w, https:\/\/droix.net\/blogs\/wp-content\/uploads\/2026\/04\/GPD-BOX-mini-PC-768x432.jpg 768w, https:\/\/droix.net\/blogs\/wp-content\/uploads\/2026\/04\/GPD-BOX-mini-PC-1536x864.jpg 1536w, https:\/\/droix.net\/blogs\/wp-content\/uploads\/2026\/04\/GPD-BOX-mini-PC-450x253.jpg 450w, https:\/\/droix.net\/blogs\/wp-content\/uploads\/2026\/04\/GPD-BOX-mini-PC-780x439.jpg 780w, https:\/\/droix.net\/blogs\/wp-content\/uploads\/2026\/04\/GPD-BOX-mini-PC-1600x900.jpg 1600w, https:\/\/droix.net\/blogs\/wp-content\/uploads\/2026\/04\/GPD-BOX-mini-PC.jpg 1920w\" sizes=\"(max-width: 1024px) 100vw, 1024px\" \/><\/a><figcaption class=\"wp-element-caption\">GPD BOX mini PC<\/figcaption><\/figure>\n<\/div>\n<p>Ez az oka annak is, hogy az els\u0151 mini PC szemsz\u00f6g\u00e9b\u0151l kereskedelmi szempontb\u00f3l is fontos. Ha a GPD \u00e1t tudja vinni a kisg\u00e9pek tervez\u00e9s\u00e9vel kapcsolatos tapasztalatait egy megfelel\u0151 asztali form\u00e1tumba, akkor a BOX term\u00e9szetes k\u00f6vetkez\u0151 l\u00e9pcs\u0151fok lehet azon v\u00e1s\u00e1rl\u00f3k sz\u00e1m\u00e1ra, akik m\u00e1r szeretik a kompakt pr\u00e9mium hardvereket, de nem mindig k\u00e9zi sz\u00e1m\u00edt\u00f3g\u00e9pes kialak\u00edt\u00e1st szeretn\u00e9nek. Ez a k\u00e9sz\u00fcl\u00e9k j\u00f3l illeszkedik az olyan k\u00e9sz\u00fcl\u00e9kek mell\u00e9, mint a <a href=\"https:\/\/droix.eu\/hu\/product\/gpd-win-5\/\" target=\"_blank\" rel=\"noopener\" title=\"\">GPD WIN 5<\/a>, mik\u00f6zben a m\u00e1rk\u00e1t egy m\u00e1sik felhaszn\u00e1l\u00e1si ter\u00fcletre tereli.  <\/p>\n\n<h2 class=\"wp-block-heading\">Mit hozhat az Intel Panther Lake a GPD BOX-ba<\/h2>\n\n<p>A P\u00e1rduc-t\u00f3 az egyik oka annak, hogy a GPD BOX kiemelkedik a t\u00f6bbi k\u00f6z\u00fcl. Az <a href=\"https:\/\/newsroom.intel.com\/client-computing\/intel-unveils-panther-lake-architecture-first-ai-pc-platform-built-on-18a\" target=\"_blank\" rel=\"noopener nofollow\" title=\"\">Intel hivatalos Panther Lake platform bejelent\u00e9s\u00e9ben<\/a> a v\u00e1llalat a Panther Lake-et, amelyet most Intel Core Ultra Series 3 m\u00e1rkan\u00e9vvel illetnek, az els\u0151 Intel 18A-ra \u00e9p\u00fcl\u0151 kliens system-on-chipk\u00e9nt \u00edrja le. Az Intel a platformot az AI PC-k, j\u00e1t\u00e9keszk\u00f6z\u00f6k \u00e9s kompakt rendszerek sz\u00e1m\u00e1ra poz\u00edcion\u00e1lja, amelyeknek a teljes\u00edtm\u00e9ny \u00e9s az energiahat\u00e9konys\u00e1g egyens\u00faly\u00e1ra van sz\u00fcks\u00e9g\u00fck.  <\/p>\n\n<p>Ez a platformszint\u0171 h\u00e1tt\u00e9r m\u00e9g akkor is sz\u00e1m\u00edt, ha a GPD m\u00e9g nem er\u0151s\u00edtette meg, hogy pontosan milyen Panther Lake chip tal\u00e1lhat\u00f3 a BOX-ban. Az Intel szerint a sz\u00e9lesebb Panther Lake csal\u00e1d egy sk\u00e1l\u00e1zhat\u00f3, t\u00f6bb chipletb\u0151l \u00e1ll\u00f3 diz\u00e1jn k\u00f6r\u00e9 \u00e9p\u00fcl, a t\u00e1mogatott SKU-kon \u00faj Intel Arc grafik\u00e1val \u00e9s ak\u00e1r 180 platform TOPS-sel az eg\u00e9sz platformon. Ezek az Intel saj\u00e1t platformszint\u0171 adatai, nem pedig a GPD BOX meger\u0151s\u00edtett specifik\u00e1ci\u00f3i, \u00edgy ink\u00e1bb kontextusk\u00e9nt kell kezelni \u0151ket, mint a BOX v\u00e9gleges specifik\u00e1ci\u00f3jak\u00e9nt.  <\/p>\n\n<p>M\u00e1s sz\u00f3val, a Panther Lake seg\u00edt megmagyar\u00e1zni, hogy a GPD mi\u00e9rt nem csak egy apr\u00f3 irodai asztali g\u00e9pk\u00e9nt \u00e1ll\u00edtja be a BOX-ot. Ha a v\u00e9gs\u0151 konfigur\u00e1ci\u00f3 k\u00f6veti az Intel \u00e1ltal a platform sz\u00e1m\u00e1ra kijel\u00f6lt ir\u00e1nyt, a BOX a modern AI PC funkci\u00f3kat, az er\u0151s grafikus potenci\u00e1lt \u00e9s a kompakt kialak\u00edt\u00e1st olyan m\u00f3don \u00f6tv\u00f6zheti, amely ambici\u00f3zusabbnak t\u0171nik, mint egy tipikus k\u00f6lts\u00e9gvet\u00e9si mini PC. <\/p>\n\n<figure class=\"wp-block-table\"><table class=\"has-fixed-layout\"><thead><tr><th>Panther Lake platform r\u00e9szletesen<\/th><th>Az Intel hivatalos ir\u00e1nymutat\u00e1sa<\/th><th>Mi\u00e9rt fontos ez a GPD BOX sz\u00e1m\u00e1ra<\/th><\/tr><\/thead><tbody><tr><td>Folyamattechnol\u00f3gia<\/td><td>Az els\u0151 Intel 18A-ra \u00e9p\u00edtett \u00fcgyf\u00e9l SoC<\/td><td>Jelzi, hogy a BOX az Intel valamelyik \u00fajabb \u00fcgyf\u00e9lplatformj\u00e1hoz kapcsol\u00f3dik.<\/td><\/tr><tr><td>Helymeghat\u00e1roz\u00e1s<\/td><td>AI PC-khez, j\u00e1t\u00e9keszk\u00f6z\u00f6kh\u00f6z \u00e9s edge rendszerekhez tervezve<\/td><td>Illik a GPD azon t\u00f6rekv\u00e9s\u00e9hez, hogy a BOX-ot t\u00f6bbk\u00e9nt forgalmazza, mint egy egyszer\u0171 mini asztali sz\u00e1m\u00edt\u00f3g\u00e9pet.<\/td><\/tr><tr><td>Grafikai ir\u00e1ny\u00edt\u00e1s<\/td><td>\u00daj Intel Arc grafika a t\u00e1mogatott SKU-kon<\/td><td>Megemeli a fels\u0151 hat\u00e1rt, amire a BOX k\u00e9pes lehet, miel\u0151tt eGPU-t adna hozz\u00e1.<\/td><\/tr><tr><td>AI k\u00e9pess\u00e9g<\/td><td>Ak\u00e1r 180 platform TOPS a Panther Lake platformon kereszt\u00fcl<\/td><td>Sz\u00e9lesebb k\u00f6r\u0171 k\u00f6vetkez\u0151 gener\u00e1ci\u00f3s sz\u00e1m\u00edt\u00e1si funkci\u00f3kat sugall, b\u00e1r a v\u00e9gleges BOX-konfigur\u00e1ci\u00f3 m\u00e9g nincs meger\u0151s\u00edtve.<\/td><\/tr><tr><td>Form\u00e1tumok rugalmass\u00e1ga<\/td><td>Sk\u00e1l\u00e1zhat\u00f3 multi-chiplet architekt\u00fara<\/td><td>Seg\u00edt megmagyar\u00e1zni, hogy a GPD mi\u00e9rt l\u00e1tja a Panther Lake-et az els\u0151 mini PC-je sz\u00e1m\u00e1ra megfelel\u0151nek<\/td><\/tr><\/tbody><\/table><\/figure>\n\n<h2 class=\"wp-block-heading\">Mi\u00e9rt fontos a GPD G2 \u00e9s a GPD BOX p\u00e1ros\u00edt\u00e1sa?<\/h2>\n\n<p>A bejelent\u00e9s legnagyobb hozad\u00e9ka nem \u00f6nmag\u00e1ban egyik term\u00e9k sem. Hanem a m\u00f6g\u00f6tt\u00fck \u00e1ll\u00f3 rendszerszint\u0171 \u00f6tlet. <\/p>\n\n<p>A kompakt sz\u00e1m\u00edt\u00e1stechnika egy ideje m\u00e1r a modul\u00e1risabb teljes\u00edtm\u00e9nyn\u00f6vel\u00e9s fel\u00e9 halad, de a s\u00e1vsz\u00e9less\u00e9g gyakran jelentette a sz\u0171k keresztmetszetet. A GPD gyakorlatilag azzal \u00e9rvel, hogy az MCIO meggy\u0151z\u0151bben seg\u00edthet megoldani ezt a probl\u00e9m\u00e1t, k\u00fcl\u00f6n\u00f6sen a r\u00e9gebbi vagy korl\u00e1tozottabb k\u00fcls\u0151 b\u0151v\u00edt\u00e9si utakkal \u00f6sszehasonl\u00edtva. <\/p>\n\n<p>Ha a GPD BOX er\u0151s mindennapi teljes\u00edtm\u00e9nyt ny\u00fajt mini PC-k\u00e9nt, a GPD G2 pedig k\u00f6zel asztali kateg\u00f3ri\u00e1s k\u00fcls\u0151 GPU-kapcsolatot biztos\u00edt, akkor a p\u00e1ros olyan v\u00e1s\u00e1rl\u00f3k sz\u00e1m\u00e1ra lehet vonz\u00f3, akik teljes asztali torony n\u00e9lk\u00fcl szeretn\u00e9nek rugalmass\u00e1got. Ide tartoznak a j\u00e1t\u00e9kosok, az alkot\u00f3k, a fejleszt\u0151k \u00e9s a teljes\u00edtm\u00e9nyorient\u00e1lt felhaszn\u00e1l\u00f3k, akik szeretik az \u00f6tletet, hogy egy kompakt alaprendszerrel kezdjenek, \u00e9s ha nagyobb grafikus er\u0151re van sz\u00fcks\u00e9g\u00fck, akkor b\u0151v\u00edts\u00e9k a rendszert. <\/p>\n\n<p>Emellett term\u00e9szetes hidat k\u00e9pez a sz\u00e9lesebb k\u00f6r\u0171 hardverrel, amelyet a DROIX olvas\u00f3i m\u00e1r k\u00f6vetnek. A <a href=\"https:\/\/droix.eu\/hu\/product-category\/mini-pcs\/\" target=\"_blank\" rel=\"noopener\" title=\"\">mini PC-ket<\/a> vagy ak\u00e1r a sz\u00e9lesebb k\u00f6r\u0171 <a href=\"https:\/\/droix.eu\/hu\/product-category\/accessories\/\" target=\"_blank\" rel=\"noopener\" title=\"\">kieg\u00e9sz\u00edt\u0151k kateg\u00f3ri\u00e1j\u00e1t<\/a> m\u00e1r b\u00f6ng\u00e9sz\u0151 v\u00e1s\u00e1rl\u00f3k a G2-t \u00e9s a BOX-ot ugyanannak a kisebb, de nagyobb k\u00e9pess\u00e9g\u0171 \u00f6ssze\u00e1ll\u00edt\u00e1sok fel\u00e9 ir\u00e1nyul\u00f3 t\u00f6rekv\u00e9snek a r\u00e9szek\u00e9nt tekinthetik. <\/p>\n\n<h2 class=\"wp-block-heading\">Amit m\u00e9g nem tudunk<\/h2>\n\n<p>A GPD m\u00e9g mindig sok mindent nem er\u0151s\u00edtett meg a bejelent\u00e9si anyagok els\u0151 hull\u00e1m\u00e1ban. M\u00e9g nem \u00e1ll rendelkez\u00e9s\u00fcnkre a v\u00e9gleges \u00e1rk\u00e9pz\u00e9s, a megjelen\u00e9si d\u00e1tum, a region\u00e1lis el\u00e9rhet\u0151s\u00e9g, a teljes processzor- \u00e9s mem\u00f3riaopci\u00f3, illetve a GPD BOX v\u00e1z \u00e9s az I\/O teljes lebont\u00e1sa. <\/p>\n\n<p>A GPD G2-hez csatolt RTX 4090 teljes\u00edtm\u00e9nyvesztes\u00e9g\u00e9nek megfelel\u0151 ellen\u0151rz\u00e9s\u00e9hez sz\u00fcks\u00e9ges kontextus sem \u00e1ll m\u00e9g rendelkez\u00e9s\u00fcnkre. Ez nem teszi lehetetlenn\u00e9 az \u00e1ll\u00edt\u00e1st, de ez azt jelenti, hogy az olvas\u00f3knak meg kell v\u00e1rniuk a teljes benchmark k\u00f6r\u00fclm\u00e9nyeket \u00e9s a f\u00fcggetlen tesztel\u00e9st, miel\u0151tt ezt a sz\u00e1mot megalapozottnak tekintik. <\/p>\n\n<p>Egyel\u0151re a bejelent\u00e9s a leger\u0151sebb ir\u00e1nyad\u00f3 nyilatkozat. A GPD arra fogad, hogy a kompakt PC-k, a nagyobb s\u00e1vsz\u00e9less\u00e9g\u0171 \u00f6sszek\u00f6ttet\u00e9sek \u00e9s a modul\u00e1ris grafikus b\u0151v\u00edt\u00e9s \u00f6sszetartozik, \u00e9s a GPD G2 plusz GPD BOX p\u00e1ros\u00edt\u00e1s az eddigi legegy\u00e9rtelm\u0171bb jelz\u00e9s arra, hogy ez az a ter\u00fclet, ahol legk\u00f6zelebb versenyezni akar. <\/p>\n\n<p>Az olvas\u00f3k sz\u00e1m\u00e1ra, akik m\u00e1r k\u00f6vetik a GPD k\u00f6zelm\u00faltbeli lend\u00fclet\u00e9t, ez a felfedez\u00e9s j\u00f3l illeszkedik a sz\u00e9lesebb k\u00f6r\u0171 t\u00e1j\u00e9koztat\u00e1shoz, p\u00e9ld\u00e1ul a <a href=\"https:\/\/droix.net\/blogs\/hu\/gpd-win-5-bejelentese-az-egpu-kat-elsopro-kezi-eromurol-arulkodnak-az-adatok\/\" target=\"_blank\" rel=\"noopener\" title=\"\">GPD WIN 5 bejelent\u00e9s\u00e9hez<\/a>. Lehet, hogy a BOX egy \u00faj kateg\u00f3ria a GPD sz\u00e1m\u00e1ra, de a k\u00f6zponti gondolat ismer\u0151snek t\u0171nik: kis hardver, nagyobb amb\u00edci\u00f3k. <\/p>\n\n<h2 class=\"wp-block-heading\">GYIK<\/h2>\n\n<h3 class=\"wp-block-heading\">Mi a GPD G2?<\/h3>\n\n<p>A GPD G2 egy k\u00fcls\u0151 GPU-dokkol\u00f3, amelyet a GPD a vil\u00e1g els\u0151 MCIO k\u00e9tportos eGPU-dokkol\u00f3jak\u00e9nt jellemez. T\u00e1mogatja az USB4 v2.0-t, a be\u00e9p\u00edtett M.2 t\u00e1rol\u00f3t \u00e9s a 100 W-os PD gyorst\u00f6lt\u00e9st is. <\/p>\n\n<h3 class=\"wp-block-heading\">Mi az a GPD BOX?<\/h3>\n\n<p>A GPD BOX egy \u00fajonnan bejelentett Panther Lake-alap\u00fa asztali rendszer, amelyet a GPD els\u0151 mini PC-jek\u00e9nt poz\u00edcion\u00e1l. A GPD szerint t\u00e1mogatja az MCIO 8i \u00e9s a PCIe 5.0 x8 szabv\u00e1nyt, ak\u00e1r 512 Gbps k\u00e9tir\u00e1ny\u00fa s\u00e1vsz\u00e9less\u00e9ggel. <\/p>\n\n<h3 class=\"wp-block-heading\">Mi\u00e9rt fontos a P\u00e1rduc-t\u00f3 a GPD BOX sz\u00e1m\u00e1ra?<\/h3>\n\n<p>A Panther Lake az\u00e9rt fontos, mert az Intel modern kliensplatformk\u00e9nt poz\u00edcion\u00e1lja az AI PC-k, j\u00e1t\u00e9keszk\u00f6z\u00f6k \u00e9s kompakt rendszerek sz\u00e1m\u00e1ra. Ez seg\u00edt megmagyar\u00e1zni, hogy a GPD mi\u00e9rt mutatja be a BOX-ot t\u00f6bbnek, mint egy egyszer\u0171 mini desktopot, m\u00e9g akkor is, ha a BOX chip pontos konfigur\u00e1ci\u00f3ja m\u00e9g mindig nincs meger\u0151s\u00edtve. <\/p>\n\n<h3 class=\"wp-block-heading\">A GPD BOX csatlakoztathat\u00f3 a GPD G2 k\u00e9sz\u00fcl\u00e9khez?<\/h3>\n\n<p>Igen, ez az egyik f\u0151 gondolat a bejelent\u00e9s m\u00f6g\u00f6tt. A GPD a BOX-ot \u00e9s a G2-t olyan p\u00e1ros\u00edt\u00e1sk\u00e9nt poz\u00edcion\u00e1lja, amely egy kompakt mini PC-t nagyobb teljes\u00edtm\u00e9ny\u0171 j\u00e1t\u00e9k-PC-v\u00e9 alak\u00edthat. <\/p>\n\n<h3 class=\"wp-block-heading\">A GPD meger\u0151s\u00edtette az \u00e1rakat vagy a megjelen\u00e9si d\u00e1tumot?<\/h3>\n\n<p>Nem, a jelenleg itt el\u00e9rhet\u0151 anyagban nem. Az \u00e1rakat, a bevezet\u00e9s id\u0151z\u00edt\u00e9s\u00e9t \u00e9s a teljesebb konfigur\u00e1ci\u00f3s r\u00e9szleteket m\u00e9g meg kell er\u0151s\u00edteni. <\/p>\n\n<h3 class=\"wp-block-heading\">V\u00e9glegesnek kell tekintened az RTX 4090 2%-os teljes\u00edtm\u00e9nycs\u00f6kken\u00e9s\u00e9re vonatkoz\u00f3 \u00e1ll\u00edt\u00e1st?<\/h3>\n\n<p>Nem, m\u00e9g nem. A GPD megosztotta az \u00e1ll\u00edt\u00e1st, de a rendelkez\u00e9sre \u00e1ll\u00f3 bejelent\u00e9si anyag nem tartalmazza az \u00e1ll\u00edt\u00e1s f\u00fcggetlen ellen\u0151rz\u00e9s\u00e9hez sz\u00fcks\u00e9ges tesztel\u00e9si felt\u00e9teleket vagy \u00f6sszehasonl\u00edt\u00e1si m\u00f3dszertant. <\/p>\n","protected":false},"excerpt":{"rendered":"<p>A GPD bejelentette a GPD G2-t, egy MCIO \u00e9s USB4 v2.0 eGPU dokkol\u00f3t, valamint a GPD BOX-ot, amelyet els\u0151 mini PC-jek\u00e9nt poz\u00edcion\u00e1l.  <\/p>\n","protected":false},"author":859,"featured_media":358376,"comment_status":"open","ping_status":"closed","sticky":false,"template":"","format":"standard","meta":{"footnotes":""},"categories":[5493,6051,5598],"tags":[8515,5539,5513,6906,5467,8514,5505],"class_list":{"0":"post-358374","1":"post","2":"type-post","3":"status-publish","4":"format-standard","5":"has-post-thumbnail","7":"category-hirek","8":"category-mini-pc-hirek","9":"category-tartozekok-hirek","10":"tag-box","11":"tag-dokkoloallomas","12":"tag-egpu-hu","13":"tag-g2","14":"tag-gpd-hu","15":"tag-gpd-box","16":"tag-mini-pc-hu"},"aioseo_notices":[],"_links":{"self":[{"href":"https:\/\/droix.net\/blogs\/hu\/wp-json\/wp\/v2\/posts\/358374","targetHints":{"allow":["GET"]}}],"collection":[{"href":"https:\/\/droix.net\/blogs\/hu\/wp-json\/wp\/v2\/posts"}],"about":[{"href":"https:\/\/droix.net\/blogs\/hu\/wp-json\/wp\/v2\/types\/post"}],"author":[{"embeddable":true,"href":"https:\/\/droix.net\/blogs\/hu\/wp-json\/wp\/v2\/users\/859"}],"replies":[{"embeddable":true,"href":"https:\/\/droix.net\/blogs\/hu\/wp-json\/wp\/v2\/comments?post=358374"}],"version-history":[{"count":2,"href":"https:\/\/droix.net\/blogs\/hu\/wp-json\/wp\/v2\/posts\/358374\/revisions"}],"predecessor-version":[{"id":358516,"href":"https:\/\/droix.net\/blogs\/hu\/wp-json\/wp\/v2\/posts\/358374\/revisions\/358516"}],"wp:featuredmedia":[{"embeddable":true,"href":"https:\/\/droix.net\/blogs\/hu\/wp-json\/wp\/v2\/media\/358376"}],"wp:attachment":[{"href":"https:\/\/droix.net\/blogs\/hu\/wp-json\/wp\/v2\/media?parent=358374"}],"wp:term":[{"taxonomy":"category","embeddable":true,"href":"https:\/\/droix.net\/blogs\/hu\/wp-json\/wp\/v2\/categories?post=358374"},{"taxonomy":"post_tag","embeddable":true,"href":"https:\/\/droix.net\/blogs\/hu\/wp-json\/wp\/v2\/tags?post=358374"}],"curies":[{"name":"wp","href":"https:\/\/api.w.org\/{rel}","templated":true}]}}