{"id":358399,"date":"2026-04-27T09:56:54","date_gmt":"2026-04-27T08:56:54","guid":{"rendered":"https:\/\/droix.net\/blogs\/gpd-g2-a-gpd-box-spajaju-vykon-egpu-mcio-s-prvym-mini-pocitacom-gpd\/"},"modified":"2026-04-27T11:06:30","modified_gmt":"2026-04-27T10:06:30","slug":"gpd-g2-a-gpd-box-spajaju-vykon-egpu-mcio-s-prvym-mini-pocitacom-gpd","status":"publish","type":"post","link":"https:\/\/droix.net\/blogs\/sk\/gpd-g2-a-gpd-box-spajaju-vykon-egpu-mcio-s-prvym-mini-pocitacom-gpd\/","title":{"rendered":"GPD G2 a GPD BOX sp\u00e1jaj\u00fa v\u00fdkon eGPU MCIO s prv\u00fdm mini po\u010d\u00edta\u010dom GPD"},"content":{"rendered":"\n<p><strong>\u010co je to GPD G2 a GPD BOX?<\/strong> Spolo\u010dnos\u0165 GPD ozn\u00e1mila GPD G2, dokovaciu stanicu <a href=\"https:\/\/droix.eu\/sk\/product-category\/egpu\/\" target=\"_blank\" rel=\"noopener\" title=\"eGPU\">eGPU<\/a> s rozhran\u00edm MCIO a USB4 v2.0, a GPD BOX, ktor\u00fd ozna\u010duje za svoj prv\u00fd <a href=\"https:\/\/droix.eu\/sk\/product-category\/mini-pcs\/\" target=\"_blank\" rel=\"noopener\" title=\"mini PC\">mini po\u010d\u00edta\u010d<\/a>. T\u00e1to dvojica kombinuje extern\u00e9 grafick\u00e9 roz\u0161\u00edrenie s vysokou \u0161\u00edrkou p\u00e1sma s kompaktn\u00fdm dizajnom stoln\u00e9ho po\u010d\u00edta\u010da zalo\u017een\u00e9ho na technol\u00f3gii Intel Panther Lake. <\/p>\n\n<p>Najnov\u0161ie ozn\u00e1menie spolo\u010dnosti GPD poukazuje na nov\u00fa dvojdielnu strat\u00e9giu pre stolov\u00e9 po\u010d\u00edta\u010de. Spolo\u010dnos\u0165 odhalila GPD G2, ktor\u00fd ozna\u010duje za prv\u00fd dokovac\u00ed stanicu s dvojportov\u00fdm eGPU MCIO na svete, spolu s GPD BOX, minipo\u010d\u00edta\u010dom zalo\u017een\u00fdm na Panther Lake, ktor\u00fd je pod\u013ea v\u0161etk\u00e9ho ur\u010den\u00fd na priamu spolupr\u00e1cu s n\u00edm. <\/p>\n\n<p>To je d\u00f4le\u017eit\u00e9, preto\u017ee <a href=\"https:\/\/droix.eu\/sk\/product-attribute\/brands\/gpd\/\" target=\"_blank\" rel=\"noopener\" title=\"GPD\">spolo\u010dnos\u0165 GPD<\/a> neuv\u00e1dza na trh len \u010fal\u0161\u00ed mal\u00fd po\u010d\u00edta\u010d alebo \u010fal\u0161\u00ed samostatn\u00fd dok. Pon\u00faka zos\u00faladen\u00fa zostavu, v ktorej sa kompaktn\u00fd stoln\u00fd po\u010d\u00edta\u010d m\u00f4\u017ee pripoji\u0165 ku grafick\u00e9mu doku s vy\u0161\u0161ou \u0161\u00edrkou p\u00e1sma a spr\u00e1va\u0165 sa ove\u013ea viac ako seri\u00f3zny hern\u00fd alebo tvoriv\u00fd stroj. Pre \u010ditate\u013eov, ktor\u00ed sleduj\u00fa \u0161ir\u0161\u00ed posun k men\u0161\u00edm a modul\u00e1rnej\u0161\u00edm syst\u00e9mom, by sa toto mohlo sta\u0165 jedn\u00fdm z najzauj\u00edmavej\u0161\u00edch prepojen\u00ed medzi svetom minipo\u010d\u00edta\u010dov a \u0161ir\u0161ou kateg\u00f3riou v\u00fdkonn\u00fdch kompaktn\u00fdch po\u010d\u00edta\u010dov.  <\/p>\n\n<p>Na ozn\u00e1menie je e\u0161te skoro. Spolo\u010dnos\u0165 GPD sa podelila o z\u00e1kladn\u00fd hardv\u00e9r a nieko\u013eko v\u00fdznamn\u00fdch tvrden\u00ed, ale ceny, na\u010dasovanie uvedenia na trh, \u00fapln\u00e9 konfigur\u00e1cie a podmienky testovania, ktor\u00e9 stoja za niektor\u00fdmi z jej najv\u00e4\u010d\u0161\u00edch v\u00fdkonnostn\u00fdch vyhl\u00e1sen\u00ed, zatia\u013e neboli v dostupn\u00fdch materi\u00e1loch potvrden\u00e9. <\/p>\n\n<figure class=\"wp-block-table\"><table class=\"has-fixed-layout\"><thead><tr><th>Produkt<\/th><th>\u010co GPD potvrdila<\/th><th>Pre\u010do je to d\u00f4le\u017eit\u00e9<\/th><\/tr><\/thead><tbody><tr><td>GPD G2<\/td><td>Dvojportov\u00e1 dokovacia stanica eGPU MCIO, USB4 v2.0, integrovan\u00e9 \u00falo\u017eisko M.2, 100W r\u00fdchle nab\u00edjanie PD, \u00fadajn\u00e1 strata v\u00fdkonu RTX 4090 2 %<\/td><td>Navrhuje dok postaven\u00fd na \u0161\u00edrke p\u00e1sma a pohodl\u00ed pracovnej plochy, nielen na z\u00e1kladnom pr\u00edstupe k extern\u00e9mu GPU<\/td><\/tr><tr><td>SKRINKA GPD BOX<\/td><td>Prv\u00fd mini po\u010d\u00edta\u010d GPD, Intel Panther Lake, MCIO 8i, PCIe 5.0 x8, obojsmern\u00e1 \u0161\u00edrka p\u00e1sma a\u017e 512 Gb\/s<\/td><td>Poz\u00edcia spolo\u010dnosti GPD na prechod do kateg\u00f3rie skuto\u010dne kompaktn\u00fdch stolov\u00fdch po\u010d\u00edta\u010dov<\/td><\/tr><\/tbody><\/table><\/figure>\n\n<h2 class=\"wp-block-heading\">GPD G2 stavia MCIO a USB4 v2.0 do centra diania<\/h2>\n\n<p>GPD G2 sa predstavuje ako prv\u00fd dvojportov\u00fd dock MCIO eGPU na svete. Na papieri mu to d\u00e1va \u00faplne in\u00fa identitu ako typickej\u0161iemu extern\u00e9mu pr\u00edslu\u0161enstvu GPU, preto\u017ee GPD jasne stavia MCIO ako k\u013e\u00fa\u010dov\u00fa v\u00fdkonnostn\u00fa hru a nepova\u017euje ju za doplnkov\u00fa v\u00fdklenkov\u00fa funkciu. <\/p>\n<div class=\"wp-block-image\">\n<figure class=\"aligncenter size-medium\"><a href=\"https:\/\/droix.net\/blogs\/wp-content\/uploads\/2026\/04\/GPD-G2-announcement.jpg\"><img decoding=\"async\" width=\"169\" height=\"300\" src=\"https:\/\/droix.net\/blogs\/wp-content\/uploads\/2026\/04\/GPD-G2-announcement-169x300.jpg\" alt=\"Ozn&#xE1;menie GPD G2\" class=\"wp-image-358327\" srcset=\"https:\/\/droix.net\/blogs\/wp-content\/uploads\/2026\/04\/GPD-G2-announcement-169x300.jpg 169w, https:\/\/droix.net\/blogs\/wp-content\/uploads\/2026\/04\/GPD-G2-announcement-576x1024.jpg 576w, https:\/\/droix.net\/blogs\/wp-content\/uploads\/2026\/04\/GPD-G2-announcement-768x1365.jpg 768w, https:\/\/droix.net\/blogs\/wp-content\/uploads\/2026\/04\/GPD-G2-announcement-864x1536.jpg 864w, https:\/\/droix.net\/blogs\/wp-content\/uploads\/2026\/04\/GPD-G2-announcement-450x800.jpg 450w, https:\/\/droix.net\/blogs\/wp-content\/uploads\/2026\/04\/GPD-G2-announcement-780x1387.jpg 780w, https:\/\/droix.net\/blogs\/wp-content\/uploads\/2026\/04\/GPD-G2-announcement.jpg 1080w\" sizes=\"(max-width: 169px) 100vw, 169px\" \/><\/a><figcaption class=\"wp-element-caption\">Ozn\u00e1menie GPD G2<\/figcaption><\/figure>\n<\/div>\n<p>Spolo\u010dnos\u0165 GPD tie\u017e uv\u00e1dza, \u017ee dokovacia stanica podporuje rozhranie USB4 v2.0, vstavan\u00e9 \u00falo\u017eisko M.2 a r\u00fdchle nab\u00edjanie 100 W PD. T\u00e1to kombin\u00e1cia nazna\u010duje, \u017ee G2 m\u00e1 sl\u00fa\u017ei\u0165 na viac ne\u017e len na pridanie grafick\u00e9ho v\u00fdkonu. Zd\u00e1 sa, \u017ee je navrhnut\u00fd tak, aby fungoval ako \u0161ir\u0161\u00ed stoln\u00fd dokovac\u00ed rozbo\u010dova\u010d, ktor\u00fd pou\u017e\u00edvate\u013eom poskytuje roz\u0161\u00edrenie grafiky, \u010fal\u0161\u00ed potenci\u00e1l \u00falo\u017eiska a podporu nab\u00edjania jedn\u00fdm k\u00e1blom v jednom zariaden\u00ed.  <\/p>\n\n<p>Najodv\u00e1\u017enej\u0161\u00edm tvrden\u00edm v ozn\u00e1men\u00ed je v\u00fdkon. GPD tvrd\u00ed, \u017ee RTX 4090 by na GPD G2 fungovala so stratou v\u00fdkonu iba 2 %, \u010do je \u00fadaj, ktor\u00fd je na titulke, ak sa potvrd\u00ed v re\u00e1lnych testoch. Toto \u010d\u00edslo by sa zatia\u013e malo pova\u017eova\u0165 za tvrdenie dod\u00e1vate\u013ea, preto\u017ee aktu\u00e1lne materi\u00e1ly k ozn\u00e1meniu neobsahuj\u00fa testovacie nastavenie, cie\u013eov\u00e9 rozl\u00ed\u0161enie, zoznam pracovn\u00fdch z\u00e1\u0165a\u017e\u00ed ani metodiku benchmarkov, ktor\u00e9 za n\u00edm stoja.  <\/p>\n<div class=\"wp-block-image\">\n<figure class=\"aligncenter size-large\"><a href=\"https:\/\/droix.net\/blogs\/wp-content\/uploads\/2026\/04\/GPD-G2-eGPU-docking-station.jpg\"><img decoding=\"async\" width=\"1024\" height=\"576\" src=\"https:\/\/droix.net\/blogs\/wp-content\/uploads\/2026\/04\/GPD-G2-eGPU-docking-station-1024x576.jpg\" alt=\"Dokovacia stanica GPD G2 eGPU\" class=\"wp-image-358334\" srcset=\"https:\/\/droix.net\/blogs\/wp-content\/uploads\/2026\/04\/GPD-G2-eGPU-docking-station-1024x576.jpg 1024w, https:\/\/droix.net\/blogs\/wp-content\/uploads\/2026\/04\/GPD-G2-eGPU-docking-station-300x169.jpg 300w, https:\/\/droix.net\/blogs\/wp-content\/uploads\/2026\/04\/GPD-G2-eGPU-docking-station-768x432.jpg 768w, https:\/\/droix.net\/blogs\/wp-content\/uploads\/2026\/04\/GPD-G2-eGPU-docking-station-1536x864.jpg 1536w, https:\/\/droix.net\/blogs\/wp-content\/uploads\/2026\/04\/GPD-G2-eGPU-docking-station-450x253.jpg 450w, https:\/\/droix.net\/blogs\/wp-content\/uploads\/2026\/04\/GPD-G2-eGPU-docking-station-780x439.jpg 780w, https:\/\/droix.net\/blogs\/wp-content\/uploads\/2026\/04\/GPD-G2-eGPU-docking-station-1600x900.jpg 1600w, https:\/\/droix.net\/blogs\/wp-content\/uploads\/2026\/04\/GPD-G2-eGPU-docking-station.jpg 1920w\" sizes=\"(max-width: 1024px) 100vw, 1024px\" \/><\/a><figcaption class=\"wp-element-caption\">Dokovacia stanica GPD G2 eGPU<\/figcaption><\/figure>\n<\/div>\n<p>Aj napriek tejto n\u00e1mietke je smer jasn\u00fd. Spolo\u010dnos\u0165 GPD chce, aby bol model G2 vn\u00edman\u00fd ako krok vpred s vy\u0161\u0161ou \u0161\u00edrkou p\u00e1sma pre pou\u017e\u00edvate\u013eov, ktor\u00ed sa sna\u017eia z\u00edska\u0165 z mal\u00fdch syst\u00e9mov v\u00fdkonnej\u0161\u00ed eGPU podobn\u00fd desktopu, \u010di u\u017e ide o kompaktn\u00fa pracovn\u00fa stanicu, bud\u00facu n\u00e1hradu desktopu alebo in\u00e9 zariadenie v r\u00e1mci \u0161ir\u0161ieho <a href=\"https:\/\/droix.eu\/sk\/product-attribute\/brands\/gpd\/\">ekosyst\u00e9mu GPD<\/a>. <\/p>\n\n<figure class=\"wp-block-table\"><table class=\"has-fixed-layout\"><thead><tr><td><strong>\u0160pecifik\u00e1cie<\/strong><\/td><td><strong>MCIO 8i (PCIe Gen 4 x 8)<\/strong><\/td><td><strong>USB4\u00ae verzia 2.0<\/strong><\/td><td><strong>Oculink (PCIe Gen 4 x 4)<\/strong><\/td><\/tr><\/thead><tbody><tr><td><strong>Teoretick\u00e1 \u0161\u00edrka p\u00e1sma v oboch smeroch<\/strong><\/td><td>Celkov\u00e1 obojsmern\u00e1 \u0161\u00edrka p\u00e1sma 256 Gb\/s<\/td><td>160 Gb\/s Celkov\u00e1 obojsmern\u00e1 \u0161\u00edrka p\u00e1sma<\/td><td>128 Gb\/s Celkov\u00e1 obojsmern\u00e1 \u0161\u00edrka p\u00e1sma<\/td><\/tr><tr><td><strong>Symetrick\u00fd re\u017eim<\/strong><\/td><td>128 Gb\/s vysielanie \/ 128 Gb\/s prij\u00edmanie<\/td><td>Prenos 80 Gb\/s \/ pr\u00edjem 80 Gb\/s<\/td><td>64 Gb\/s vysielanie \/ 64 Gb\/s prij\u00edmanie<\/td><\/tr><tr><td><strong>Asymetrick\u00fd re\u017eim<\/strong><\/td><td>\u2014<\/td><td>Vysielanie 120 Gb\/s \/ prij\u00edmanie 40 Gb\/s<\/td><td>\u2014<\/td><\/tr><tr><td><strong>Uni. Efekt\u00edvna \u0161\u00edrka p\u00e1sma <\/strong><\/td><td>~15,75 GB\/s (jednosmerne)<\/td><td>~9,6 GB\/s \/ ~14,5 GB\/s<\/td><td>~7,88 GB\/s (jednosmerne)<\/td><\/tr><tr><td><strong>Cie\u013eov\u00e9 scen\u00e1re (alebo najlep\u0161ie pre)<\/strong><\/td><td>HPC, synergia viacer\u00fdch GPU, \u0161kolenie AI<\/td><td>eGPU, vysokor\u00fdchlostn\u00e9 perif\u00e9rne zariadenia, Plug-and-Play<\/td><td>Notebooky, minipo\u010d\u00edta\u010de, hern\u00e9 vreckov\u00e9 po\u010d\u00edta\u010de<\/td><\/tr><tr><td><strong>V\u00fdmena za prev\u00e1dzky<\/strong><\/td><td>  Nie je podporovan\u00e9<\/td><td>Podporovan\u00e9 str\u00e1nky<\/td><td>Nie je podporovan\u00e9<\/td><\/tr><\/tbody><\/table><\/figure>\n\n<h2 class=\"wp-block-heading\">GPD BOX je prv\u00fd minipo\u010d\u00edta\u010d spolo\u010dnosti GPD<\/h2>\n\n<p>Druh\u00fdm ozn\u00e1men\u00edm je GPD BOX, ktor\u00fd spolo\u010dnos\u0165 GPD predstavuje ako svoj prv\u00fd minipo\u010d\u00edta\u010d. To m\u00e1 v\u00fdznam samo o sebe, preto\u017ee to znamen\u00e1 \u0161ir\u0161\u00ed posun v produktoch spolo\u010dnosti, ktor\u00e1 je zn\u00e1ma predov\u0161etk\u00fdm vreckov\u00fdmi hern\u00fdmi po\u010d\u00edta\u010dmi, ultrakompaktn\u00fdmi notebookmi a in\u00fdmi zariadeniami mal\u00fdch rozmerov. <\/p>\n\n<p>GPD uv\u00e1dza, \u017ee BOX je zalo\u017een\u00fd na Intel Panther Lake a podporuje MCIO 8i plus PCIe 5.0 x8 s obojsmernou \u0161\u00edrkou p\u00e1sma a\u017e 512 Gb\/s. To nie s\u00fa pr\u00e1ve tituln\u00e9 \u0161pecifik\u00e1cie, ktor\u00e9 sa zvy\u010dajne pou\u017e\u00edvaj\u00fa na prezent\u00e1ciu z\u00e1kladn\u00e9ho kancel\u00e1rskeho minipo\u010d\u00edta\u010da. Nazna\u010duj\u00fa, \u017ee GPD chce, aby BOX prist\u00e1l ako kompaktn\u00fd v\u00fdkonn\u00fd stroj s v\u00e1\u017enym potenci\u00e1lom roz\u0161\u00edrenia.  <\/p>\n<div class=\"wp-block-image\">\n<figure class=\"aligncenter size-medium\"><a href=\"https:\/\/droix.net\/blogs\/wp-content\/uploads\/2026\/04\/GPD-BOX-announcement.jpg\"><img decoding=\"async\" width=\"169\" height=\"300\" src=\"https:\/\/droix.net\/blogs\/wp-content\/uploads\/2026\/04\/GPD-BOX-announcement-169x300.jpg\" alt=\"Ozn&#xE1;menie GPD BOX\" class=\"wp-image-358328\" srcset=\"https:\/\/droix.net\/blogs\/wp-content\/uploads\/2026\/04\/GPD-BOX-announcement-169x300.jpg 169w, https:\/\/droix.net\/blogs\/wp-content\/uploads\/2026\/04\/GPD-BOX-announcement-576x1024.jpg 576w, https:\/\/droix.net\/blogs\/wp-content\/uploads\/2026\/04\/GPD-BOX-announcement-768x1365.jpg 768w, https:\/\/droix.net\/blogs\/wp-content\/uploads\/2026\/04\/GPD-BOX-announcement-864x1536.jpg 864w, https:\/\/droix.net\/blogs\/wp-content\/uploads\/2026\/04\/GPD-BOX-announcement-450x800.jpg 450w, https:\/\/droix.net\/blogs\/wp-content\/uploads\/2026\/04\/GPD-BOX-announcement-780x1387.jpg 780w, https:\/\/droix.net\/blogs\/wp-content\/uploads\/2026\/04\/GPD-BOX-announcement.jpg 1080w\" sizes=\"(max-width: 169px) 100vw, 169px\" \/><\/a><figcaption class=\"wp-element-caption\">Ozn\u00e1menie GPD BOX<\/figcaption><\/figure>\n<\/div>\n<p>Samotn\u00e1 ponuka spolo\u010dnosti GPD je jednoduch\u00e1. Zapojte GPD BOX do GPD G2 a v\u00fdsledkom m\u00f4\u017ee by\u0165 vysoko v\u00fdkonn\u00fd hern\u00fd po\u010d\u00edta\u010d s ove\u013ea men\u0161\u00edmi rozmermi ako tradi\u010dn\u00e1 ve\u017eov\u00e1 zostava. V\u010faka tomu by sa tento koncept mohol sta\u0165 atrakt\u00edvnym aj pre pou\u017e\u00edvate\u013eov, ktor\u00ed chc\u00fa \u010distej\u0161iu stolov\u00fa zostavu, \u013eah\u0161ie prenosn\u00fa pracovn\u00fa stanicu alebo hern\u00fd stroj vhodn\u00fd do ob\u00fdva\u010dky bez toho, aby sa vzdali priestoru pre extern\u00fd GPU.  <\/p>\n<div class=\"wp-block-image\">\n<figure class=\"aligncenter size-large\"><a href=\"https:\/\/droix.net\/blogs\/wp-content\/uploads\/2026\/04\/GPD-BOX-mini-PC.jpg\"><img decoding=\"async\" width=\"1024\" height=\"576\" src=\"https:\/\/droix.net\/blogs\/wp-content\/uploads\/2026\/04\/GPD-BOX-mini-PC-1024x576.jpg\" alt=\"GPD BOX mini PC\" class=\"wp-image-358333\" srcset=\"https:\/\/droix.net\/blogs\/wp-content\/uploads\/2026\/04\/GPD-BOX-mini-PC-1024x576.jpg 1024w, https:\/\/droix.net\/blogs\/wp-content\/uploads\/2026\/04\/GPD-BOX-mini-PC-300x169.jpg 300w, https:\/\/droix.net\/blogs\/wp-content\/uploads\/2026\/04\/GPD-BOX-mini-PC-768x432.jpg 768w, https:\/\/droix.net\/blogs\/wp-content\/uploads\/2026\/04\/GPD-BOX-mini-PC-1536x864.jpg 1536w, https:\/\/droix.net\/blogs\/wp-content\/uploads\/2026\/04\/GPD-BOX-mini-PC-450x253.jpg 450w, https:\/\/droix.net\/blogs\/wp-content\/uploads\/2026\/04\/GPD-BOX-mini-PC-780x439.jpg 780w, https:\/\/droix.net\/blogs\/wp-content\/uploads\/2026\/04\/GPD-BOX-mini-PC-1600x900.jpg 1600w, https:\/\/droix.net\/blogs\/wp-content\/uploads\/2026\/04\/GPD-BOX-mini-PC.jpg 1920w\" sizes=\"(max-width: 1024px) 100vw, 1024px\" \/><\/a><figcaption class=\"wp-element-caption\">GPD BOX mini PC<\/figcaption><\/figure>\n<\/div>\n<p>Aj preto m\u00e1 prv\u00fd minipo\u010d\u00edta\u010d komer\u010dn\u00fd v\u00fdznam. Ak spolo\u010dnos\u0165 GPD dok\u00e1\u017ee prenies\u0165 svoje sk\u00fasenosti s dizajnom mal\u00fdch zariaden\u00ed do spr\u00e1vnej podoby stoln\u00e9ho po\u010d\u00edta\u010da, BOX by sa mohol sta\u0165 prirodzen\u00fdm \u010fal\u0161\u00edm krokom pre kupuj\u00facich, ktor\u00ed u\u017e maj\u00fa radi kompaktn\u00fd pr\u00e9miov\u00fd hardv\u00e9r, ale nechc\u00fa v\u017edy dizajn, ktor\u00fd je ur\u010den\u00fd predov\u0161etk\u00fdm do ruky. \u00dah\u013eadne sa zarad\u00ed ved\u013ea zariaden\u00ed, ako je <a href=\"https:\/\/droix.eu\/sk\/product\/gpd-win-5\/\" target=\"_blank\" rel=\"noopener\" title=\"\">GPD WIN 5<\/a>, a z\u00e1rove\u0148 posunie zna\u010dku do in\u00e9ho pr\u00edpadu pou\u017eitia.  <\/p>\n\n<h2 class=\"wp-block-heading\">\u010co by mohol prinies\u0165 Intel Panther Lake pre GPD BOX<\/h2>\n\n<p>Jazero Panther Lake je jedn\u00fdm z d\u00f4vodov, pre\u010do GPD BOX vynik\u00e1. V <a href=\"https:\/\/newsroom.intel.com\/client-computing\/intel-unveils-panther-lake-architecture-first-ai-pc-platform-built-on-18a\" target=\"_blank\" rel=\"noopener nofollow\" title=\"\">ofici\u00e1lnom ozn\u00e1men\u00ed platformy Panther Lake spolo\u010dnos\u0165 Intel<\/a> opisuje Panther Lake, teraz ozna\u010den\u00fd ako Intel Core Ultra Series 3, ako svoj prv\u00fd klientsky syst\u00e9m na \u010dipe postaven\u00fd na procesore Intel 18A. Intel t\u00fato platformu umiest\u0148uje do poz\u00edcie po\u010d\u00edta\u010dov s umelou inteligenciou, hern\u00fdch zariaden\u00ed a kompaktn\u00fdch syst\u00e9mov, ktor\u00e9 potrebuj\u00fa rovnov\u00e1hu medzi v\u00fdkonom a energetickou \u00fa\u010dinnos\u0165ou.  <\/p>\n\n<p>Toto pozadie na \u00farovni platformy je d\u00f4le\u017eit\u00e9, aj ke\u010f spolo\u010dnos\u0165 GPD zatia\u013e nepotvrdila, ak\u00fd presne \u010dip Panther Lake sa v BOXe nach\u00e1dza. Intel tvrd\u00ed, \u017ee \u0161ir\u0161ia rodina Panther Lake je postaven\u00e1 na \u0161k\u00e1lovate\u013enom dizajne s viacer\u00fdmi \u010dipmi, s novou grafikou Intel Arc na podporovan\u00fdch SKU a a\u017e 180 platformov\u00fdmi TOPS v r\u00e1mci celej platformy. Ide o vlastn\u00e9 \u00fadaje spolo\u010dnosti Intel na \u00farovni platformy, nie o potvrden\u00e9 \u0161pecifik\u00e1cie GPD BOX, tak\u017ee by sa mali bra\u0165 sk\u00f4r ako kontext ne\u017e ako kone\u010dn\u00e9 \u0161pecifik\u00e1cie BOX.  <\/p>\n\n<p>In\u00fdmi slovami, Panther Lake pom\u00e1ha vysvetli\u0165, pre\u010do spolo\u010dnos\u0165 GPD predstavuje BOX ako viac ne\u017e len mal\u00fd kancel\u00e1rsky po\u010d\u00edta\u010d. Ak sa kone\u010dn\u00e1 konfigur\u00e1cia bude ubera\u0165 smerom, ktor\u00fd pre t\u00fato platformu vyt\u00fd\u010dil Intel, BOX by mohol sp\u00e1ja\u0165 modern\u00e9 funkcie po\u010d\u00edta\u010da s umelou inteligenciou, siln\u00fd grafick\u00fd potenci\u00e1l a kompaktn\u00fd dizajn sp\u00f4sobom, ktor\u00fd je ambici\u00f3znej\u0161\u00ed ako typick\u00fd lacn\u00fd mini po\u010d\u00edta\u010d. <\/p>\n\n<figure class=\"wp-block-table\"><table class=\"has-fixed-layout\"><thead><tr><th>Detail plo\u0161iny Panther Lake<\/th><th>Ofici\u00e1lne usmernenie spolo\u010dnosti Intel<\/th><th>Pre\u010do je to d\u00f4le\u017eit\u00e9 pre GPD BOX<\/th><\/tr><\/thead><tbody><tr><td>Procesn\u00e1 technol\u00f3gia<\/td><td>Prv\u00fd klientsky SoC postaven\u00fd na Intel 18A<\/td><td>Signalizuje, \u017ee BOX je prepojen\u00fd s jednou z nov\u0161\u00edch klientsk\u00fdch platforiem spolo\u010dnosti Intel.<\/td><\/tr><tr><td>Polohovanie<\/td><td>Vytvoren\u00e9 pre po\u010d\u00edta\u010de s umelou inteligenciou, hern\u00e9 zariadenia a okrajov\u00e9 syst\u00e9my<\/td><td>Zodpoved\u00e1 snahe spolo\u010dnosti GPD uvies\u0165 BOX na trh ako viac ne\u017e len z\u00e1kladn\u00fd mini desktop<\/td><\/tr><tr><td>Grafick\u00fd smer<\/td><td>Nov\u00e1 grafika Intel Arc na podporovan\u00fdch SKU<\/td><td>Zvy\u0161uje strop toho, \u010do BOX m\u00f4\u017ee zvl\u00e1dnu\u0165 pred pridan\u00edm eGPU<\/td><\/tr><tr><td>Schopnos\u0165 AI<\/td><td>A\u017e 180 TOPS na plo\u0161ine Panther Lake<\/td><td>Nazna\u010duje \u0161ir\u0161ie v\u00fdpo\u010dtov\u00e9 funkcie novej gener\u00e1cie, hoci kone\u010dn\u00e1 konfigur\u00e1cia BOXu e\u0161te nie je potvrden\u00e1.<\/td><\/tr><tr><td>Flexibilita tvarov\u00e9ho faktora<\/td><td>\u0160k\u00e1lovate\u013en\u00e1 viac\u010dipov\u00e1 architekt\u00fara<\/td><td>Pom\u00e1ha vysvetli\u0165, pre\u010do spolo\u010dnos\u0165 GPD m\u00f4\u017ee pova\u017eova\u0165 Panther Lake za vhodn\u00fd pre svoj prv\u00fd mini PC<\/td><\/tr><\/tbody><\/table><\/figure>\n\n<h2 class=\"wp-block-heading\">Pre\u010do je d\u00f4le\u017eit\u00e9 p\u00e1rovanie GPD G2 a GPD BOX<\/h2>\n\n<p>Najv\u00e4\u010d\u0161\u00edm pr\u00ednosom tohto ozn\u00e1menia nie je \u017eiadny z produktov s\u00e1m o sebe. Je to my\u0161lienka na \u00farovni syst\u00e9mu, ktor\u00e1 za nimi stoj\u00ed. <\/p>\n\n<p>Kompaktn\u00e9 po\u010d\u00edta\u010de sa u\u017e nejak\u00fd \u010das pos\u00favaj\u00fa smerom k modul\u00e1rnej\u0161iemu zvy\u0161ovaniu v\u00fdkonu, ale \u0161\u00edrka p\u00e1sma bola \u010dasto \u00fazkym miestom. Spolo\u010dnos\u0165 GPD \u00fa\u010dinne tvrd\u00ed, \u017ee MCIO m\u00f4\u017ee pom\u00f4c\u0165 vyrie\u0161i\u0165 tento probl\u00e9m presved\u010divej\u0161\u00edm sp\u00f4sobom, najm\u00e4 v porovnan\u00ed so star\u0161\u00edmi alebo obmedzenej\u0161\u00edmi extern\u00fdmi cestami roz\u0161\u00edrenia. <\/p>\n\n<p>Ak GPD BOX dok\u00e1\u017ee poskytn\u00fa\u0165 vysok\u00fd ka\u017edodenn\u00fd v\u00fdkon ako minipo\u010d\u00edta\u010d a GPD G2 dok\u00e1\u017ee poskytn\u00fa\u0165 pripojenie extern\u00e9ho GPU takmer na \u00farovni stoln\u00e9ho po\u010d\u00edta\u010da, t\u00e1to dvojica by mohla oslovi\u0165 kupuj\u00facich, ktor\u00ed chc\u00fa flexibilitu bez plnohodnotn\u00e9ho stoln\u00e9ho po\u010d\u00edta\u010da. Patria sem hr\u00e1\u010di, tvorcovia, v\u00fdvoj\u00e1ri a n\u00e1ro\u010dn\u00ed pou\u017e\u00edvatelia, ktor\u00fdm sa p\u00e1\u010di my\u0161lienka za\u010da\u0165 s kompaktn\u00fdm z\u00e1kladn\u00fdm syst\u00e9mom a roz\u0161\u00edri\u0165 ho, ke\u010f potrebuj\u00fa viac grafick\u00e9ho v\u00fdkonu. <\/p>\n\n<p>Vytv\u00e1ra tie\u017e prirodzen\u00e9 prepojenie so \u0161ir\u0161\u00edm hardv\u00e9rom, ktor\u00fd u\u017e \u010ditatelia DROIX sleduj\u00fa. Kupuj\u00faci, ktor\u00ed u\u017e prezeraj\u00fa <a href=\"https:\/\/droix.eu\/sk\/product-category\/mini-pcs\/\" target=\"_blank\" rel=\"noopener\" title=\"\">minipo\u010d\u00edta\u010de<\/a> alebo dokonca \u0161ir\u0161iu <a href=\"https:\/\/droix.eu\/sk\/product-category\/accessories\/\" target=\"_blank\" rel=\"noopener\" title=\"\">kateg\u00f3riu pr\u00edslu\u0161enstva<\/a>, m\u00f4\u017eu pova\u017eova\u0165 G2 a BOX za s\u00fa\u010das\u0165 rovnak\u00e9ho tlaku na men\u0161ie, ale schopnej\u0161ie zostavy. <\/p>\n\n<h2 class=\"wp-block-heading\">\u010co e\u0161te nevieme<\/h2>\n\n<p>V tejto prvej vlne oznamovacieho materi\u00e1lu je e\u0161te ve\u013ea vec\u00ed, ktor\u00e9 GPD nepotvrdila. Zatia\u013e nem\u00e1me k dispoz\u00edcii kone\u010dn\u00e9 ceny, d\u00e1tumy vydania, region\u00e1lnu dostupnos\u0165, kompletn\u00e9 mo\u017enosti procesorov a pam\u00e4te ani kompletn\u00fd rozpis \u0161asi a vstupov\/v\u00fdstupov GPD BOX. <\/p>\n\n<p>Zatia\u013e tie\u017e nem\u00e1me kontext potrebn\u00fd na spr\u00e1vne overenie \u00fadajov o strate v\u00fdkonu RTX 4090 pripojen\u00fdch k GPD G2. To neznamen\u00e1, \u017ee toto tvrdenie je nemo\u017en\u00e9, ale znamen\u00e1 to, \u017ee \u010ditatelia by mali po\u010dka\u0165 na \u00fapln\u00e9 podmienky benchmarku a nez\u00e1visl\u00e9 testovanie, ne\u017e bud\u00fa toto \u010d\u00edslo pova\u017eova\u0165 za ust\u00e1len\u00e9. <\/p>\n\n<p>Toto ozn\u00e1menie je zatia\u013e najsilnej\u0161\u00edm vyhl\u00e1sen\u00edm o smerovan\u00ed. GPD vs\u00e1dza na to, \u017ee kompaktn\u00e9 po\u010d\u00edta\u010de, prepojenia s vy\u0161\u0161ou \u0161\u00edrkou p\u00e1sma a modul\u00e1rne grafick\u00e9 roz\u0161\u00edrenie patria k sebe, a spojenie GPD G2 a GPD BOX je zatia\u013e najjasnej\u0161\u00edm sign\u00e1lom, \u017ee pr\u00e1ve v tejto oblasti chce \u010falej s\u00fa\u0165a\u017ei\u0165. <\/p>\n\n<p>Pre \u010ditate\u013eov, ktor\u00ed u\u017e sleduj\u00fa ned\u00e1vny v\u00fdvoj spolo\u010dnosti GPD, toto odhalenie zapad\u00e1 do \u0161ir\u0161ieho spravodajstva, ako je napr\u00edklad <a href=\"https:\/\/droix.net\/blogs\/sk\/gpd-win-5-oznameny-specifikacie-odhaluju-vreckovy-vykon-ktory-rozdrvi-egpu\/\" target=\"_blank\" rel=\"noopener\" title=\"\">ozn\u00e1menie o GPD WIN 5<\/a>. BOX m\u00f4\u017ee by\u0165 pre GPD novou kateg\u00f3riou, ale hlavn\u00e1 my\u0161lienka je zn\u00e1ma: mal\u00fd hardv\u00e9r, v\u00e4\u010d\u0161ie amb\u00edcie. <\/p>\n\n<h2 class=\"wp-block-heading\">\u010cASTO KLADEN\u00c9 OT\u00c1ZKY<\/h2>\n\n<h3 class=\"wp-block-heading\">\u010co je GPD G2?<\/h3>\n\n<p>GPD G2 je extern\u00e1 dokovacia stanica GPU, ktor\u00fa spolo\u010dnos\u0165 GPD ozna\u010duje za prv\u00fa dvojportov\u00fa dokovaciu stanicu eGPU MCIO na svete. Podporuje tie\u017e USB4 v2.0, vstavan\u00e9 \u00falo\u017eisko M.2 a 100W r\u00fdchle nab\u00edjanie PD. <\/p>\n\n<h3 class=\"wp-block-heading\">\u010co je GPD BOX?<\/h3>\n\n<p>GPD BOX je novo ozn\u00e1men\u00fd stolov\u00fd syst\u00e9m zalo\u017een\u00fd na Panther Lake, ktor\u00fd spolo\u010dnos\u0165 GPD ozna\u010duje za svoj prv\u00fd mini PC. GPD uv\u00e1dza, \u017ee podporuje MCIO 8i a PCIe 5.0 x8 s obojsmernou \u0161\u00edrkou p\u00e1sma a\u017e 512 Gb\/s. <\/p>\n\n<h3 class=\"wp-block-heading\">Pre\u010do je jazero Panther d\u00f4le\u017eit\u00e9 pre GPD BOX?<\/h3>\n\n<p>Panther Lake je d\u00f4le\u017eit\u00fd, preto\u017ee Intel ho stavia do poz\u00edcie modernej klientskej platformy pre po\u010d\u00edta\u010de s umelou inteligenciou, hern\u00e9 zariadenia a kompaktn\u00e9 syst\u00e9my. To pom\u00e1ha vysvetli\u0165, pre\u010do GPD prezentuje BOX ako viac ne\u017e len z\u00e1kladn\u00fd mini desktop, aj ke\u010f presn\u00e1 konfigur\u00e1cia \u010dipu BOX e\u0161te nie je potvrden\u00e1. <\/p>\n\n<h3 class=\"wp-block-heading\">M\u00f4\u017ee sa zariadenie GPD BOX pripoji\u0165 k zariadeniu GPD G2?<\/h3>\n\n<p>\u00c1no, to je jedna z hlavn\u00fdch my\u0161lienok tohto ozn\u00e1menia. GPD umiest\u0148uje BOX a G2 ako p\u00e1rov\u00fa zostavu, ktor\u00e1 dok\u00e1\u017ee premeni\u0165 kompaktn\u00fd mini po\u010d\u00edta\u010d na hern\u00fd po\u010d\u00edta\u010d s vy\u0161\u0161\u00edm v\u00fdkonom. <\/p>\n\n<h3 class=\"wp-block-heading\">Potvrdila spolo\u010dnos\u0165 GPD cenu alebo d\u00e1tum vydania?<\/h3>\n\n<p>Nie, nie v materi\u00e1loch, ktor\u00e9 s\u00fa tu v s\u00fa\u010dasnosti k dispoz\u00edcii. Ceny, na\u010dasovanie uvedenia na trh a podrobnej\u0161ie inform\u00e1cie o konfigur\u00e1cii je e\u0161te potrebn\u00e9 potvrdi\u0165. <\/p>\n\n<h3 class=\"wp-block-heading\">Mali by ste tvrdenie o 2 % strate v\u00fdkonu RTX 4090 pova\u017eova\u0165 za kone\u010dn\u00e9?<\/h3>\n\n<p>Nie, e\u0161te nie. Spolo\u010dnos\u0165 GPD sa podelila o toto tvrdenie, ale dostupn\u00e9 materi\u00e1ly k ozn\u00e1meniu neobsahuj\u00fa podmienky testovania ani metodiku porovn\u00e1vania potrebn\u00fa na jeho nez\u00e1visl\u00e9 overenie. <\/p>\n","protected":false},"excerpt":{"rendered":"<p>Spolo\u010dnos\u0165 GPD ozn\u00e1mila GPD G2, dokovaciu stanicu MCIO a USB4 v2.0 eGPU, spolu s GPD BOX, ktor\u00fd predstavuje ako svoj prv\u00fd mini PC.  <\/p>\n","protected":false},"author":859,"featured_media":358401,"comment_status":"open","ping_status":"closed","sticky":false,"template":"","format":"standard","meta":{"footnotes":""},"categories":[4765,4337,4723],"tags":[8531,4524,4302,6897,4318,4348,8530],"class_list":{"0":"post-358399","1":"post","2":"type-post","3":"status-publish","4":"format-standard","5":"has-post-thumbnail","7":"category-mini-pc-novinky","8":"category-novinky","9":"category-prislusenstvo-novinky","10":"tag-box","11":"tag-dokovacia-stanica","12":"tag-egpu-sk","13":"tag-g2","14":"tag-gpd-sk","15":"tag-mini-pc-sk","16":"tag-skrinka-gpd-box"},"aioseo_notices":[],"_links":{"self":[{"href":"https:\/\/droix.net\/blogs\/sk\/wp-json\/wp\/v2\/posts\/358399","targetHints":{"allow":["GET"]}}],"collection":[{"href":"https:\/\/droix.net\/blogs\/sk\/wp-json\/wp\/v2\/posts"}],"about":[{"href":"https:\/\/droix.net\/blogs\/sk\/wp-json\/wp\/v2\/types\/post"}],"author":[{"embeddable":true,"href":"https:\/\/droix.net\/blogs\/sk\/wp-json\/wp\/v2\/users\/859"}],"replies":[{"embeddable":true,"href":"https:\/\/droix.net\/blogs\/sk\/wp-json\/wp\/v2\/comments?post=358399"}],"version-history":[{"count":2,"href":"https:\/\/droix.net\/blogs\/sk\/wp-json\/wp\/v2\/posts\/358399\/revisions"}],"predecessor-version":[{"id":358505,"href":"https:\/\/droix.net\/blogs\/sk\/wp-json\/wp\/v2\/posts\/358399\/revisions\/358505"}],"wp:featuredmedia":[{"embeddable":true,"href":"https:\/\/droix.net\/blogs\/sk\/wp-json\/wp\/v2\/media\/358401"}],"wp:attachment":[{"href":"https:\/\/droix.net\/blogs\/sk\/wp-json\/wp\/v2\/media?parent=358399"}],"wp:term":[{"taxonomy":"category","embeddable":true,"href":"https:\/\/droix.net\/blogs\/sk\/wp-json\/wp\/v2\/categories?post=358399"},{"taxonomy":"post_tag","embeddable":true,"href":"https:\/\/droix.net\/blogs\/sk\/wp-json\/wp\/v2\/tags?post=358399"}],"curies":[{"name":"wp","href":"https:\/\/api.w.org\/{rel}","templated":true}]}}